{"id":828,"date":"2024-11-28T13:34:20","date_gmt":"2024-11-28T13:34:20","guid":{"rendered":"https:\/\/colchonesvela.com\/blog\/?p=828"},"modified":"2025-05-22T10:41:05","modified_gmt":"2025-05-22T10:41:05","slug":"black-friday-en-colchones-vela","status":"publish","type":"post","link":"https:\/\/colchonesvela.com\/blog\/consejos-de-compra\/black-friday-en-colchones-vela\/","title":{"rendered":"\u00a1Estamos que lo tiramos! Black Friday en Colchones Vela hasta el 8 de diciembre."},"content":{"rendered":"<p><span style=\"font-weight: 400;\">Este a\u00f1o en <\/span><b>Colchones Vela<\/b><span style=\"font-weight: 400;\"> nos hemos vuelto <\/span><i><span style=\"font-weight: 400;\">completamente locos<\/span><\/i><span style=\"font-weight: 400;\">. Tanto, que hemos decidido alargar nuestro <\/span><b>Black Friday en colchones<\/b><span style=\"font-weight: 400;\"> hasta el <\/span><b>8 de diciembre<\/b><span style=\"font-weight: 400;\">. \u00a1S\u00ed, lo has le\u00eddo bien! Ahora puedes disfrutar de hasta un 70% de descuento en art\u00edculos seleccionados y, durante estos d\u00edas, aplicamos un 10% adicional en el carrito si haces el pedido online. Si estabas esperando el momento perfecto para renovar tu descanso, <\/span><b>ahora es la oportunidad que estabas buscando<\/b><span style=\"font-weight: 400;\">. Con descuentos que te dejar\u00e1n con la boca abierta, estamos seguros de que en Colchones Vela encontrar\u00e1s el colch\u00f3n ideal al mejor precio.<\/span><\/p>\n<p><span style=\"font-weight: 400;\">En nuestras <\/span><b>6 tiendas f\u00edsicas en Zaragoza<\/b><span style=\"font-weight: 400;\">, adem\u00e1s de nuestra <\/span><a href=\"https:\/\/colchonesvela.com\/?srsltid=AfmBOop9cOIx6BssM5xvcLbsGSL0em5gTP1tmfh0i1tLAAT5WoUNscHk\"><span style=\"font-weight: 400;\">tienda online<\/span><\/a><span style=\"font-weight: 400;\">, encontrar\u00e1s las <\/span><b>mejores marcas de colchones, somieres, almohadas y productos de puericultura<\/b><span style=\"font-weight: 400;\">. Y lo mejor de todo, \u00a1los precios no tienen competencia!<\/span><b> Pero, ojo: los productos est\u00e1n volando. <\/b><span style=\"font-weight: 400;\">Si no quieres quedarte sin el tuyo, m\u00e1s vale que te des prisa.<\/span><\/p>\n<h2><b>Black Friday en colchones en Zaragoza<\/b><\/h2>\n<p><span style=\"font-weight: 400;\">Si buscas ofertas de <\/span><a href=\"https:\/\/colchonesvela.com\/206-black-friday-colchones\"><b>Black Friday de colchones en Zaragoza<\/b><\/a><span style=\"font-weight: 400;\">, est\u00e1s en el lugar adecuado. Este a\u00f1o hemos tirado la casa por la ventana para que renovar tu descanso sea m\u00e1s f\u00e1cil (y m\u00e1s econ\u00f3mico) que nunca. \u00bfQu\u00e9 encontrar\u00e1s en nuestras tiendas y en la web? Descuentos brutales en las marcas m\u00e1s top del sector, como:<\/span><\/p>\n<ul>\n<li style=\"font-weight: 400;\" aria-level=\"1\"><b>Flex<\/b><span style=\"font-weight: 400;\">: la marca l\u00edder en descanso, con tecnolog\u00eda avanzada para un sue\u00f1o reparador.<\/span><\/li>\n<li style=\"font-weight: 400;\" aria-level=\"1\"><span style=\"font-weight: 400;\">Sl\u00e2ap: los colchones con la mejor relaci\u00f3n calidad precio<\/span><\/li>\n<li style=\"font-weight: 400;\" aria-level=\"1\"><b>Dormil\u00f3n<\/b><span style=\"font-weight: 400;\">: colchones c\u00f3modos y asequibles para todos los presupuestos.\u00a0<\/span><\/li>\n<li style=\"font-weight: 400;\" aria-level=\"1\"><b>Pardo<\/b><span style=\"font-weight: 400;\">: especialistas en sistemas de descanso premium.<\/span><\/li>\n<li style=\"font-weight: 400;\" aria-level=\"1\"><b>Mash<\/b><span style=\"font-weight: 400;\">: expertos en almohadas y accesorios para un confort insuperable.<\/span><\/li>\n<\/ul>\n<p><span style=\"font-weight: 400;\">Tanto si buscas un colch\u00f3n viscoel\u00e1stico, de muelles ensacados o una base para mejorar tu cama, nuestras ofertas de <\/span><b>Black Friday en Zaragoza <\/b><span style=\"font-weight: 400;\">son lo que necesitas.<\/span><\/p>\n<p><img decoding=\"async\" class=\"wp-image-1125 aligncenter\" src=\"https:\/\/colchonesvela.com\/blog\/wp-content\/uploads\/2024\/11\/black-friday-colchones-300x141.jpg\" alt=\"Black friday en colchones\" width=\"572\" height=\"269\" srcset=\"https:\/\/colchonesvela.com\/blog\/wp-content\/uploads\/2024\/11\/black-friday-colchones-300x141.jpg 300w, https:\/\/colchonesvela.com\/blog\/wp-content\/uploads\/2024\/11\/black-friday-colchones-1030x484.jpg 1030w, https:\/\/colchonesvela.com\/blog\/wp-content\/uploads\/2024\/11\/black-friday-colchones-768x361.jpg 768w, https:\/\/colchonesvela.com\/blog\/wp-content\/uploads\/2024\/11\/black-friday-colchones-705x331.jpg 705w, https:\/\/colchonesvela.com\/blog\/wp-content\/uploads\/2024\/11\/black-friday-colchones.jpg 1280w\" sizes=\"(max-width: 572px) 100vw, 572px\" \/><\/p>\n<h2><b>\u00bfPor qu\u00e9 debes comprar tu colch\u00f3n en Black Friday?<\/b><\/h2>\n<p><span style=\"font-weight: 400;\">Sabemos que un buen colch\u00f3n no es un capricho, es una inversi\u00f3n en salud y bienestar. Por eso, aprovechar las <\/span><a href=\"https:\/\/colchonesvela.com\/colchones-muelles-ensacados\/316-8660-colchon-flex-eternity-pocket.html#\"><span style=\"font-weight: 400;\">ofertas del <\/span><b>Black Friday<\/b><\/a><span style=\"font-weight: 400;\"> es la mejor manera de llevarte un producto de alta calidad a un precio que no se repetir\u00e1. Aqu\u00ed te damos <\/span><b>tres motivos de peso<\/b><span style=\"font-weight: 400;\"> para no dejar pasar esta oportunidad:<\/span><\/p>\n<ol>\n<li style=\"font-weight: 400;\" aria-level=\"1\"><b>Descuentos \u00fanicos<\/b><span style=\"font-weight: 400;\">: solo durante el Black Friday puedes conseguir productos de descanso de las mejores marcas con descuentos que en otras \u00e9pocas del a\u00f1o son imposibles.<\/span><\/li>\n<li style=\"font-weight: 400;\" aria-level=\"1\"><b>Variedad para todos los gustos y necesidades<\/b><span style=\"font-weight: 400;\">: ya sea que busques firmeza, adaptabilidad o un colch\u00f3n con tecnolog\u00eda avanzada, tenemos justo lo que necesitas.<\/span><\/li>\n<li style=\"font-weight: 400;\" aria-level=\"1\"><b>Compra con confianza<\/b><span style=\"font-weight: 400;\">: llevamos m\u00e1s de <\/span><b>70 a\u00f1os ayudando a miles de personas a dormir mejor<\/b><span style=\"font-weight: 400;\">. Con nosotros, no solo compras un colch\u00f3n, compras tranquilidad.<\/span><\/li>\n<\/ol>\n<h2><b>\u00a1Date prisa, que vuelan!<\/b><\/h2>\n<p><span style=\"font-weight: 400;\">\u00bfHas o\u00eddo la frase de \u201cel que se duerme no compra\u201d? Pues en este caso, es literal. Durante estos d\u00edas, la gente no para de entrar en nuestras tiendas y los pedidos online est\u00e1n que echan humo. Si no quieres quedarte sin tu colch\u00f3n favorito\u2026 \u00a1ya sabes! Recuerda que <\/span><a href=\"https:\/\/colchonesvela.com\/206-black-friday-colchones\"><span style=\"font-weight: 400;\">nuestras ofertas de Black Friday<\/span><\/a><span style=\"font-weight: 400;\"> duran hasta el <\/span><b>8 de diciembre<\/b><span style=\"font-weight: 400;\">, pero muchos modelos ya est\u00e1n agot\u00e1ndose.<\/span><\/p>\n<p><span style=\"font-weight: 400;\">Y aqu\u00ed va un consejo: si tu compra supera los <\/span><b>400 \u20ac<\/b><span style=\"font-weight: 400;\">, el <\/span><b>env\u00edo es gratuito<\/b><span style=\"font-weight: 400;\">. As\u00ed que, si est\u00e1s pensando en renovar m\u00e1s de un colch\u00f3n o complementar tu descanso con una base o una almohada nueva, \u00a1ahora es el momento perfecto!<\/span><\/p>\n<h2><b>Black Friday en Colchones Vela en Zaragoza: Vis\u00edtanos<\/b><\/h2>\n<p><span style=\"font-weight: 400;\">Si vives en Zaragoza, tienes todas las facilidades para aprovechar estas incre\u00edbles ofertas. <\/span><b>Colchones Vela<\/b><span style=\"font-weight: 400;\"> cuenta con <\/span><a href=\"https:\/\/colchonesvela.com\/contenido\/1-tiendas-de-colchones-en-zaragoza\"><b>6 tiendas f\u00edsicas<\/b><span style=\"font-weight: 400;\"> en las mejores ubicaciones de la ciudad<\/span><\/a><span style=\"font-weight: 400;\">, adem\u00e1s de dos outlets donde encontrar\u00e1s precios incre\u00edbles en productos de primeras marcas.<\/span><\/p>\n<p><span style=\"font-weight: 400;\">Y si no puedes venir a visitarnos, nuestra tienda online est\u00e1 abierta 24\/7 para que compres desde la comodidad de tu casa. Encuentra toda la informaci\u00f3n en nuestra web y asegura tu compra con solo unos clics.<\/span><\/p>\n<p><img decoding=\"async\" class=\"wp-image-1127  aligncenter\" src=\"https:\/\/colchonesvela.com\/blog\/wp-content\/uploads\/2024\/11\/mapa-zgz-300x141.jpg\" alt=\"tiendas de colchones zaragoza\" width=\"504\" height=\"237\" srcset=\"https:\/\/colchonesvela.com\/blog\/wp-content\/uploads\/2024\/11\/mapa-zgz-300x141.jpg 300w, https:\/\/colchonesvela.com\/blog\/wp-content\/uploads\/2024\/11\/mapa-zgz-1030x484.jpg 1030w, https:\/\/colchonesvela.com\/blog\/wp-content\/uploads\/2024\/11\/mapa-zgz-768x361.jpg 768w, https:\/\/colchonesvela.com\/blog\/wp-content\/uploads\/2024\/11\/mapa-zgz-705x331.jpg 705w, https:\/\/colchonesvela.com\/blog\/wp-content\/uploads\/2024\/11\/mapa-zgz.jpg 1280w\" sizes=\"(max-width: 504px) 100vw, 504px\" \/><\/p>\n<h2><b>Colchones Vela: M\u00e1xima calidad al m\u00ednimo precio<\/b><\/h2>\n<p><span style=\"font-weight: 400;\">En <\/span><b>Colchones Vela<\/b><span style=\"font-weight: 400;\">, no solo ofrecemos productos, ofrecemos bienestar. Nuestro objetivo es que cada cliente encuentre el descanso que merece, sin que eso signifique gastar de m\u00e1s. Este <\/span><b>Black Friday<\/b><span style=\"font-weight: 400;\"> es nuestra forma de agradecer tu confianza y demostrar que somos la mejor opci\u00f3n para comprar colchones en Zaragoza.<\/span><\/p>\n<h3><b>\u00a1Aprovecha antes de que sea tarde!<\/b><\/h3>\n<p><span style=\"font-weight: 400;\">Recuerda: las ofertas de <\/span><b>Black Friday colchones<\/b><span style=\"font-weight: 400;\"> duran hasta el <\/span><b>8 de diciembre<\/b><span style=\"font-weight: 400;\">, as\u00ed que no lo pienses m\u00e1s, ven a visitarnos o entra en nuestra tienda online y ll\u00e9vate un descanso de calidad a un precio insuperable.<\/span><\/p>\n<p><span style=\"font-weight: 400;\">Si tienes cualquier duda o necesitas m\u00e1s informaci\u00f3n para saber qu\u00e9 colchones comprar, ponte en contacto con nosotros <\/span><b>por WhatsApp, tel\u00e9fono o email y nuestro equipo de especialistas en colchones te asesorar\u00e1n como te mereces<\/b><span style=\"font-weight: 400;\">. No lo pienses m\u00e1s e invierte en descanso con los que m\u00e1s pueden ayudarte. Conf\u00eda en <\/span><a href=\"https:\/\/colchonesvela.com\/\"><span style=\"font-weight: 400;\">Colchones Vela<\/span><\/a><span style=\"font-weight: 400;\"> y empieza a descansar como te mereces.<\/span><\/p>\n<p><span style=\"font-weight: 400;\">Ya que estamos, \u00bfconoces las <\/span><a href=\"https:\/\/colchonesvela.com\/blog\/puericultura\/ventajas-de-utilizar-un-colchon-viscoelastico\/\"><span style=\"font-weight: 400;\">ventajas de utilizar un colch\u00f3n viscoel\u00e1stico<\/span><\/a><span style=\"font-weight: 400;\">? Te lo contamos en uno de nuestros anteriores post que puedes leer <\/span><a href=\"https:\/\/colchonesvela.com\/blog\/puericultura\/ventajas-de-utilizar-un-colchon-viscoelastico\/\"><span style=\"font-weight: 400;\">haciendo clic aqu\u00ed<\/span><\/a><span style=\"font-weight: 400;\">. Tu descanso es nuestra prioridad. \u00a1Hasta la pr\u00f3xima!<\/span><\/p>\n","protected":false},"excerpt":{"rendered":"<p>Este a\u00f1o en Colchones Vela nos hemos vuelto completamente locos. Tanto, que hemos decidido alargar nuestro Black Friday en colchones hasta el 8 de diciembre. \u00a1S\u00ed, lo has le\u00eddo bien! Ahora puedes disfrutar de hasta un 70% de descuento en art\u00edculos seleccionados y, durante estos d\u00edas, aplicamos un 10% adicional en el carrito si haces [&hellip;]<\/p>\n","protected":false},"author":4,"featured_media":1132,"comment_status":"closed","ping_status":"closed","sticky":false,"template":"","format":"standard","meta":{"footnotes":""},"categories":[3],"tags":[20],"class_list":["post-828","post","type-post","status-publish","format-standard","has-post-thumbnail","hentry","category-consejos-de-compra","tag-black-friday"],"yoast_head":"<!-- This site is optimized with the Yoast SEO Premium plugin v24.8 (Yoast SEO v27.4) - https:\/\/yoast.com\/product\/yoast-seo-premium-wordpress\/ -->\n<title>\u00a1Estamos que lo tiramos! Black Friday en Colchones Vela hasta el 8 de diciembre. - Colchones Vela<\/title>\n<meta name=\"description\" content=\"Este a\u00f1o en Colchones Vela nos hemos vuelto completamente locos. Tanto, que hemos decidido alargar nuestro Black Friday en colchones...\" \/>\n<meta name=\"robots\" content=\"index, follow, max-snippet:-1, max-image-preview:large, max-video-preview:-1\" \/>\n<link rel=\"canonical\" href=\"https:\/\/colchonesvela.com\/blog\/consejos-de-compra\/black-friday-en-colchones-vela\/\" \/>\n<meta property=\"og:locale\" content=\"es_ES\" \/>\n<meta property=\"og:type\" content=\"article\" \/>\n<meta property=\"og:title\" content=\"\u00a1Estamos que lo tiramos! Black Friday en Colchones Vela hasta el 8 de diciembre.\" \/>\n<meta property=\"og:description\" content=\"Este a\u00f1o en Colchones Vela nos hemos vuelto completamente locos. Tanto, que hemos decidido alargar nuestro Black Friday en colchones...\" \/>\n<meta property=\"og:url\" content=\"https:\/\/colchonesvela.com\/blog\/consejos-de-compra\/black-friday-en-colchones-vela\/\" \/>\n<meta property=\"og:site_name\" content=\"Colchones Vela\" \/>\n<meta property=\"article:published_time\" content=\"2024-11-28T13:34:20+00:00\" \/>\n<meta property=\"article:modified_time\" content=\"2025-05-22T10:41:05+00:00\" \/>\n<meta property=\"og:image\" content=\"https:\/\/colchonesvela.com\/blog\/wp-content\/uploads\/2024\/11\/black-friday-azul.jpg\" \/>\n\t<meta property=\"og:image:width\" content=\"1280\" \/>\n\t<meta property=\"og:image:height\" content=\"601\" \/>\n\t<meta property=\"og:image:type\" content=\"image\/jpeg\" \/>\n<meta name=\"author\" content=\"Info\" \/>\n<meta name=\"twitter:card\" content=\"summary_large_image\" \/>\n<meta name=\"twitter:label1\" content=\"Escrito por\" \/>\n\t<meta name=\"twitter:data1\" content=\"Info\" \/>\n\t<meta name=\"twitter:label2\" content=\"Tiempo de lectura\" \/>\n\t<meta name=\"twitter:data2\" content=\"5 minutos\" \/>\n<script type=\"application\/ld+json\" class=\"yoast-schema-graph\">{\"@context\":\"https:\\\/\\\/schema.org\",\"@graph\":[{\"@type\":\"Article\",\"@id\":\"https:\\\/\\\/colchonesvela.com\\\/blog\\\/consejos-de-compra\\\/black-friday-en-colchones-vela\\\/#article\",\"isPartOf\":{\"@id\":\"https:\\\/\\\/colchonesvela.com\\\/blog\\\/consejos-de-compra\\\/black-friday-en-colchones-vela\\\/\"},\"author\":{\"name\":\"Info\",\"@id\":\"https:\\\/\\\/colchonesvela.com\\\/blog\\\/#\\\/schema\\\/person\\\/ca9f6c0f518cdf83cf962b07109d52b6\"},\"headline\":\"\u00a1Estamos que lo tiramos! Black Friday en Colchones Vela hasta el 8 de diciembre.\",\"datePublished\":\"2024-11-28T13:34:20+00:00\",\"dateModified\":\"2025-05-22T10:41:05+00:00\",\"mainEntityOfPage\":{\"@id\":\"https:\\\/\\\/colchonesvela.com\\\/blog\\\/consejos-de-compra\\\/black-friday-en-colchones-vela\\\/\"},\"wordCount\":892,\"publisher\":{\"@id\":\"https:\\\/\\\/colchonesvela.com\\\/blog\\\/#organization\"},\"image\":{\"@id\":\"https:\\\/\\\/colchonesvela.com\\\/blog\\\/consejos-de-compra\\\/black-friday-en-colchones-vela\\\/#primaryimage\"},\"thumbnailUrl\":\"https:\\\/\\\/colchonesvela.com\\\/blog\\\/wp-content\\\/uploads\\\/2024\\\/11\\\/black-friday-azul.jpg\",\"keywords\":[\"black friday\"],\"articleSection\":[\"Consejos de compra\"],\"inLanguage\":\"es\"},{\"@type\":\"WebPage\",\"@id\":\"https:\\\/\\\/colchonesvela.com\\\/blog\\\/consejos-de-compra\\\/black-friday-en-colchones-vela\\\/\",\"url\":\"https:\\\/\\\/colchonesvela.com\\\/blog\\\/consejos-de-compra\\\/black-friday-en-colchones-vela\\\/\",\"name\":\"\u00a1Estamos que lo tiramos! Black Friday en Colchones Vela hasta el 8 de diciembre. - Colchones Vela\",\"isPartOf\":{\"@id\":\"https:\\\/\\\/colchonesvela.com\\\/blog\\\/#website\"},\"primaryImageOfPage\":{\"@id\":\"https:\\\/\\\/colchonesvela.com\\\/blog\\\/consejos-de-compra\\\/black-friday-en-colchones-vela\\\/#primaryimage\"},\"image\":{\"@id\":\"https:\\\/\\\/colchonesvela.com\\\/blog\\\/consejos-de-compra\\\/black-friday-en-colchones-vela\\\/#primaryimage\"},\"thumbnailUrl\":\"https:\\\/\\\/colchonesvela.com\\\/blog\\\/wp-content\\\/uploads\\\/2024\\\/11\\\/black-friday-azul.jpg\",\"datePublished\":\"2024-11-28T13:34:20+00:00\",\"dateModified\":\"2025-05-22T10:41:05+00:00\",\"description\":\"Este a\u00f1o en Colchones Vela nos hemos vuelto completamente locos. Tanto, que hemos decidido alargar nuestro Black Friday en colchones...\",\"breadcrumb\":{\"@id\":\"https:\\\/\\\/colchonesvela.com\\\/blog\\\/consejos-de-compra\\\/black-friday-en-colchones-vela\\\/#breadcrumb\"},\"inLanguage\":\"es\",\"potentialAction\":[{\"@type\":\"ReadAction\",\"target\":[\"https:\\\/\\\/colchonesvela.com\\\/blog\\\/consejos-de-compra\\\/black-friday-en-colchones-vela\\\/\"]}]},{\"@type\":\"ImageObject\",\"inLanguage\":\"es\",\"@id\":\"https:\\\/\\\/colchonesvela.com\\\/blog\\\/consejos-de-compra\\\/black-friday-en-colchones-vela\\\/#primaryimage\",\"url\":\"https:\\\/\\\/colchonesvela.com\\\/blog\\\/wp-content\\\/uploads\\\/2024\\\/11\\\/black-friday-azul.jpg\",\"contentUrl\":\"https:\\\/\\\/colchonesvela.com\\\/blog\\\/wp-content\\\/uploads\\\/2024\\\/11\\\/black-friday-azul.jpg\",\"width\":1280,\"height\":601,\"caption\":\"black friday en colchones\"},{\"@type\":\"BreadcrumbList\",\"@id\":\"https:\\\/\\\/colchonesvela.com\\\/blog\\\/consejos-de-compra\\\/black-friday-en-colchones-vela\\\/#breadcrumb\",\"itemListElement\":[{\"@type\":\"ListItem\",\"position\":1,\"name\":\"Portada\",\"item\":\"https:\\\/\\\/colchonesvela.com\\\/blog\\\/inicio\\\/\"},{\"@type\":\"ListItem\",\"position\":2,\"name\":\"\u00a1Estamos que lo tiramos! Black Friday en Colchones Vela hasta el 8 de diciembre.\"}]},{\"@type\":\"WebSite\",\"@id\":\"https:\\\/\\\/colchonesvela.com\\\/blog\\\/#website\",\"url\":\"https:\\\/\\\/colchonesvela.com\\\/blog\\\/\",\"name\":\"Colchones Vela\",\"description\":\"Art\u00edculos para el descanso\",\"publisher\":{\"@id\":\"https:\\\/\\\/colchonesvela.com\\\/blog\\\/#organization\"},\"potentialAction\":[{\"@type\":\"SearchAction\",\"target\":{\"@type\":\"EntryPoint\",\"urlTemplate\":\"https:\\\/\\\/colchonesvela.com\\\/blog\\\/?s={search_term_string}\"},\"query-input\":{\"@type\":\"PropertyValueSpecification\",\"valueRequired\":true,\"valueName\":\"search_term_string\"}}],\"inLanguage\":\"es\"},{\"@type\":\"Organization\",\"@id\":\"https:\\\/\\\/colchonesvela.com\\\/blog\\\/#organization\",\"name\":\"Colchones Vela\",\"url\":\"https:\\\/\\\/colchonesvela.com\\\/blog\\\/\",\"logo\":{\"@type\":\"ImageObject\",\"inLanguage\":\"es\",\"@id\":\"https:\\\/\\\/colchonesvela.com\\\/blog\\\/#\\\/schema\\\/logo\\\/image\\\/\",\"url\":\"https:\\\/\\\/colchonesvela.com\\\/blog\\\/wp-content\\\/uploads\\\/2021\\\/03\\\/vela-logo-11.png\",\"contentUrl\":\"https:\\\/\\\/colchonesvela.com\\\/blog\\\/wp-content\\\/uploads\\\/2021\\\/03\\\/vela-logo-11.png\",\"width\":212,\"height\":140,\"caption\":\"Colchones Vela\"},\"image\":{\"@id\":\"https:\\\/\\\/colchonesvela.com\\\/blog\\\/#\\\/schema\\\/logo\\\/image\\\/\"},\"sameAs\":[\"https:\\\/\\\/www.instagram.com\\\/colchonesvela\\\/\"]},{\"@type\":\"Person\",\"@id\":\"https:\\\/\\\/colchonesvela.com\\\/blog\\\/#\\\/schema\\\/person\\\/ca9f6c0f518cdf83cf962b07109d52b6\",\"name\":\"Info\",\"image\":{\"@type\":\"ImageObject\",\"inLanguage\":\"es\",\"@id\":\"https:\\\/\\\/secure.gravatar.com\\\/avatar\\\/86a0a5d2b5db6b377c70d59e76f6817e76e8f191f06840c42a37bc1aa424ac3d?s=96&d=mm&r=g\",\"url\":\"https:\\\/\\\/secure.gravatar.com\\\/avatar\\\/86a0a5d2b5db6b377c70d59e76f6817e76e8f191f06840c42a37bc1aa424ac3d?s=96&d=mm&r=g\",\"contentUrl\":\"https:\\\/\\\/secure.gravatar.com\\\/avatar\\\/86a0a5d2b5db6b377c70d59e76f6817e76e8f191f06840c42a37bc1aa424ac3d?s=96&d=mm&r=g\",\"caption\":\"Info\"}}]}<\/script>\n<!-- \/ Yoast SEO Premium plugin. -->","yoast_head_json":{"title":"\u00a1Estamos que lo tiramos! Black Friday en Colchones Vela hasta el 8 de diciembre. - Colchones Vela","description":"Este a\u00f1o en Colchones Vela nos hemos vuelto completamente locos. Tanto, que hemos decidido alargar nuestro Black Friday en colchones...","robots":{"index":"index","follow":"follow","max-snippet":"max-snippet:-1","max-image-preview":"max-image-preview:large","max-video-preview":"max-video-preview:-1"},"canonical":"https:\/\/colchonesvela.com\/blog\/consejos-de-compra\/black-friday-en-colchones-vela\/","og_locale":"es_ES","og_type":"article","og_title":"\u00a1Estamos que lo tiramos! Black Friday en Colchones Vela hasta el 8 de diciembre.","og_description":"Este a\u00f1o en Colchones Vela nos hemos vuelto completamente locos. Tanto, que hemos decidido alargar nuestro Black Friday en colchones...","og_url":"https:\/\/colchonesvela.com\/blog\/consejos-de-compra\/black-friday-en-colchones-vela\/","og_site_name":"Colchones Vela","article_published_time":"2024-11-28T13:34:20+00:00","article_modified_time":"2025-05-22T10:41:05+00:00","og_image":[{"width":1280,"height":601,"url":"https:\/\/colchonesvela.com\/blog\/wp-content\/uploads\/2024\/11\/black-friday-azul.jpg","type":"image\/jpeg"}],"author":"Info","twitter_card":"summary_large_image","twitter_misc":{"Escrito por":"Info","Tiempo de lectura":"5 minutos"},"schema":{"@context":"https:\/\/schema.org","@graph":[{"@type":"Article","@id":"https:\/\/colchonesvela.com\/blog\/consejos-de-compra\/black-friday-en-colchones-vela\/#article","isPartOf":{"@id":"https:\/\/colchonesvela.com\/blog\/consejos-de-compra\/black-friday-en-colchones-vela\/"},"author":{"name":"Info","@id":"https:\/\/colchonesvela.com\/blog\/#\/schema\/person\/ca9f6c0f518cdf83cf962b07109d52b6"},"headline":"\u00a1Estamos que lo tiramos! Black Friday en Colchones Vela hasta el 8 de diciembre.","datePublished":"2024-11-28T13:34:20+00:00","dateModified":"2025-05-22T10:41:05+00:00","mainEntityOfPage":{"@id":"https:\/\/colchonesvela.com\/blog\/consejos-de-compra\/black-friday-en-colchones-vela\/"},"wordCount":892,"publisher":{"@id":"https:\/\/colchonesvela.com\/blog\/#organization"},"image":{"@id":"https:\/\/colchonesvela.com\/blog\/consejos-de-compra\/black-friday-en-colchones-vela\/#primaryimage"},"thumbnailUrl":"https:\/\/colchonesvela.com\/blog\/wp-content\/uploads\/2024\/11\/black-friday-azul.jpg","keywords":["black friday"],"articleSection":["Consejos de compra"],"inLanguage":"es"},{"@type":"WebPage","@id":"https:\/\/colchonesvela.com\/blog\/consejos-de-compra\/black-friday-en-colchones-vela\/","url":"https:\/\/colchonesvela.com\/blog\/consejos-de-compra\/black-friday-en-colchones-vela\/","name":"\u00a1Estamos que lo tiramos! Black Friday en Colchones Vela hasta el 8 de diciembre. - Colchones Vela","isPartOf":{"@id":"https:\/\/colchonesvela.com\/blog\/#website"},"primaryImageOfPage":{"@id":"https:\/\/colchonesvela.com\/blog\/consejos-de-compra\/black-friday-en-colchones-vela\/#primaryimage"},"image":{"@id":"https:\/\/colchonesvela.com\/blog\/consejos-de-compra\/black-friday-en-colchones-vela\/#primaryimage"},"thumbnailUrl":"https:\/\/colchonesvela.com\/blog\/wp-content\/uploads\/2024\/11\/black-friday-azul.jpg","datePublished":"2024-11-28T13:34:20+00:00","dateModified":"2025-05-22T10:41:05+00:00","description":"Este a\u00f1o en Colchones Vela nos hemos vuelto completamente locos. Tanto, que hemos decidido alargar nuestro Black Friday en colchones...","breadcrumb":{"@id":"https:\/\/colchonesvela.com\/blog\/consejos-de-compra\/black-friday-en-colchones-vela\/#breadcrumb"},"inLanguage":"es","potentialAction":[{"@type":"ReadAction","target":["https:\/\/colchonesvela.com\/blog\/consejos-de-compra\/black-friday-en-colchones-vela\/"]}]},{"@type":"ImageObject","inLanguage":"es","@id":"https:\/\/colchonesvela.com\/blog\/consejos-de-compra\/black-friday-en-colchones-vela\/#primaryimage","url":"https:\/\/colchonesvela.com\/blog\/wp-content\/uploads\/2024\/11\/black-friday-azul.jpg","contentUrl":"https:\/\/colchonesvela.com\/blog\/wp-content\/uploads\/2024\/11\/black-friday-azul.jpg","width":1280,"height":601,"caption":"black friday en colchones"},{"@type":"BreadcrumbList","@id":"https:\/\/colchonesvela.com\/blog\/consejos-de-compra\/black-friday-en-colchones-vela\/#breadcrumb","itemListElement":[{"@type":"ListItem","position":1,"name":"Portada","item":"https:\/\/colchonesvela.com\/blog\/inicio\/"},{"@type":"ListItem","position":2,"name":"\u00a1Estamos que lo tiramos! Black Friday en Colchones Vela hasta el 8 de diciembre."}]},{"@type":"WebSite","@id":"https:\/\/colchonesvela.com\/blog\/#website","url":"https:\/\/colchonesvela.com\/blog\/","name":"Colchones Vela","description":"Art\u00edculos para el descanso","publisher":{"@id":"https:\/\/colchonesvela.com\/blog\/#organization"},"potentialAction":[{"@type":"SearchAction","target":{"@type":"EntryPoint","urlTemplate":"https:\/\/colchonesvela.com\/blog\/?s={search_term_string}"},"query-input":{"@type":"PropertyValueSpecification","valueRequired":true,"valueName":"search_term_string"}}],"inLanguage":"es"},{"@type":"Organization","@id":"https:\/\/colchonesvela.com\/blog\/#organization","name":"Colchones Vela","url":"https:\/\/colchonesvela.com\/blog\/","logo":{"@type":"ImageObject","inLanguage":"es","@id":"https:\/\/colchonesvela.com\/blog\/#\/schema\/logo\/image\/","url":"https:\/\/colchonesvela.com\/blog\/wp-content\/uploads\/2021\/03\/vela-logo-11.png","contentUrl":"https:\/\/colchonesvela.com\/blog\/wp-content\/uploads\/2021\/03\/vela-logo-11.png","width":212,"height":140,"caption":"Colchones Vela"},"image":{"@id":"https:\/\/colchonesvela.com\/blog\/#\/schema\/logo\/image\/"},"sameAs":["https:\/\/www.instagram.com\/colchonesvela\/"]},{"@type":"Person","@id":"https:\/\/colchonesvela.com\/blog\/#\/schema\/person\/ca9f6c0f518cdf83cf962b07109d52b6","name":"Info","image":{"@type":"ImageObject","inLanguage":"es","@id":"https:\/\/secure.gravatar.com\/avatar\/86a0a5d2b5db6b377c70d59e76f6817e76e8f191f06840c42a37bc1aa424ac3d?s=96&d=mm&r=g","url":"https:\/\/secure.gravatar.com\/avatar\/86a0a5d2b5db6b377c70d59e76f6817e76e8f191f06840c42a37bc1aa424ac3d?s=96&d=mm&r=g","contentUrl":"https:\/\/secure.gravatar.com\/avatar\/86a0a5d2b5db6b377c70d59e76f6817e76e8f191f06840c42a37bc1aa424ac3d?s=96&d=mm&r=g","caption":"Info"}}]}},"_links":{"self":[{"href":"https:\/\/colchonesvela.com\/blog\/wp-json\/wp\/v2\/posts\/828","targetHints":{"allow":["GET"]}}],"collection":[{"href":"https:\/\/colchonesvela.com\/blog\/wp-json\/wp\/v2\/posts"}],"about":[{"href":"https:\/\/colchonesvela.com\/blog\/wp-json\/wp\/v2\/types\/post"}],"author":[{"embeddable":true,"href":"https:\/\/colchonesvela.com\/blog\/wp-json\/wp\/v2\/users\/4"}],"replies":[{"embeddable":true,"href":"https:\/\/colchonesvela.com\/blog\/wp-json\/wp\/v2\/comments?post=828"}],"version-history":[{"count":8,"href":"https:\/\/colchonesvela.com\/blog\/wp-json\/wp\/v2\/posts\/828\/revisions"}],"predecessor-version":[{"id":1214,"href":"https:\/\/colchonesvela.com\/blog\/wp-json\/wp\/v2\/posts\/828\/revisions\/1214"}],"wp:featuredmedia":[{"embeddable":true,"href":"https:\/\/colchonesvela.com\/blog\/wp-json\/wp\/v2\/media\/1132"}],"wp:attachment":[{"href":"https:\/\/colchonesvela.com\/blog\/wp-json\/wp\/v2\/media?parent=828"}],"wp:term":[{"taxonomy":"category","embeddable":true,"href":"https:\/\/colchonesvela.com\/blog\/wp-json\/wp\/v2\/categories?post=828"},{"taxonomy":"post_tag","embeddable":true,"href":"https:\/\/colchonesvela.com\/blog\/wp-json\/wp\/v2\/tags?post=828"}],"curies":[{"name":"wp","href":"https:\/\/api.w.org\/{rel}","templated":true}]}}