{"id":664,"date":"2024-07-02T12:21:05","date_gmt":"2024-07-02T12:21:05","guid":{"rendered":"https:\/\/colchonesvela.com\/blog\/?p=664"},"modified":"2025-05-21T07:19:18","modified_gmt":"2025-05-21T07:19:18","slug":"como-debes-elegir-tu-colchon-perfecto-para-el-verano","status":"publish","type":"post","link":"https:\/\/colchonesvela.com\/blog\/consejos-de-compra\/como-debes-elegir-tu-colchon-perfecto-para-el-verano\/","title":{"rendered":"C\u00f3mo debes elegir tu colch\u00f3n perfecto para el verano"},"content":{"rendered":"<p><span style=\"font-weight: 400;\">El verano trae consigo altas temperaturas que pueden afectar la calidad de nuestro descanso. Es por eso que en Colchones Vela sabemos que <\/span><b>elegir <a href=\"https:\/\/colchonesvela.com\/223-colchones-frescos-para-verano\">el colch\u00f3n adecuado para esta temporada<\/a> es primordial para garantizar noches frescas y de descanso<\/b><span style=\"font-weight: 400;\">. En este post te contamos algunos consejos para que elijas el mejor colch\u00f3n para ti para el verano.<\/span><\/p>\n<p>&nbsp;<\/p>\n<ol>\n<li>\n<h2><b> Materiales transpirables<\/b><\/h2>\n<\/li>\n<\/ol>\n<p><b>La transpirabilidad del colch\u00f3n es muy importante <\/b><span style=\"font-weight: 400;\">en esta temporada. Los materiales que permiten una mejor circulaci\u00f3n del aire ayudan a mantener una temperatura adecuada durante el sue\u00f1o. Algunos de los materiales m\u00e1s recomendados son:<\/span><b><\/b><\/p>\n<ul>\n<li aria-level=\"1\"><b>Muelles<\/b><b>. <\/b><span style=\"font-weight: 400;\">Esta tecnolog\u00eda es ideal, ya que forman el\u00a0 n\u00facleo del colch\u00f3n y al ser \u201chuecos\u201d permiten una <\/span><b>inmejorable ventilaci\u00f3n.<\/b><\/li>\n<li aria-level=\"1\"><b>Part\u00edculas de<\/b><b> gel.<\/b><span style=\"font-weight: 400;\"> La espuma viscoel\u00e1stica con infusi\u00f3n de gel <\/span><b>ayuda a disipar el calor<\/b><span style=\"font-weight: 400;\">, manteniendo el colch\u00f3n fresco.<\/span><\/li>\n<li aria-level=\"1\"><b>Fibras naturales. <\/b><span style=\"font-weight: 400;\">Materiales como el algod\u00f3n <\/span><span style=\"font-weight: 400;\">o la lana (que es at\u00e9rmica)<\/span><span style=\"font-weight: 400;\"> son <\/span><b>muy transpirables y absorben la humedad<\/b><span style=\"font-weight: 400;\">, proporcionando una sensaci\u00f3n de frescura.<\/span><\/li>\n<\/ul>\n<ol start=\"2\">\n<li>\n<h2><b> Colchones con capas de enfriamiento<\/b><\/h2>\n<\/li>\n<\/ol>\n<p><span style=\"font-weight: 400;\">Algunos colchones incluyen <\/span><b>capas dise\u00f1adas para el enfriamiento<\/b><span style=\"font-weight: 400;\">. Estas pueden estar hechas de gel refrigerante o tejidos especiales que regulan la temperatura. Estos colchones son ideales para quienes sufren mucho calor durante la noche. Sin ninguna duda, es un<\/span><span style=\"font-weight: 400;\"> colch\u00f3n perfecto para el verano.<\/span><\/p>\n<ol start=\"3\">\n<li>\n<h2><b> Tecnolog\u00eda de flujo de aire<\/b><\/h2>\n<\/li>\n<\/ol>\n<p><span style=\"font-weight: 400;\">Busca colchones que incorporen <\/span><b>tecnolog\u00eda de flujo de aire<\/b><span style=\"font-weight: 400;\">. Estas estructuras permiten que el aire circule libremente a trav\u00e9s del colch\u00f3n, evitando la acumulaci\u00f3n de calor. Los colchones de muelles son una buena opci\u00f3n, ya que su dise\u00f1o facilita la ventilaci\u00f3n.<\/span><\/p>\n<p><img decoding=\"async\" class=\"wp-image-1019  aligncenter\" src=\"https:\/\/colchonesvela.com\/blog\/wp-content\/uploads\/2024\/07\/colchon-flex-wbx-300-visco-para-verano-300x141.png\" alt=\"El colchon flex wbx 300 visco es fresco para verano\" width=\"580\" height=\"273\" srcset=\"https:\/\/colchonesvela.com\/blog\/wp-content\/uploads\/2024\/07\/colchon-flex-wbx-300-visco-para-verano-300x141.png 300w, https:\/\/colchonesvela.com\/blog\/wp-content\/uploads\/2024\/07\/colchon-flex-wbx-300-visco-para-verano-1030x484.png 1030w, https:\/\/colchonesvela.com\/blog\/wp-content\/uploads\/2024\/07\/colchon-flex-wbx-300-visco-para-verano-768x361.png 768w, https:\/\/colchonesvela.com\/blog\/wp-content\/uploads\/2024\/07\/colchon-flex-wbx-300-visco-para-verano-1536x721.png 1536w, https:\/\/colchonesvela.com\/blog\/wp-content\/uploads\/2024\/07\/colchon-flex-wbx-300-visco-para-verano-2048x962.png 2048w, https:\/\/colchonesvela.com\/blog\/wp-content\/uploads\/2024\/07\/colchon-flex-wbx-300-visco-para-verano-1500x704.png 1500w, https:\/\/colchonesvela.com\/blog\/wp-content\/uploads\/2024\/07\/colchon-flex-wbx-300-visco-para-verano-705x331.png 705w\" sizes=\"(max-width: 580px) 100vw, 580px\" \/><\/p>\n<ol start=\"4\">\n<li>\n<h2><b> Firmeza adecuada<\/b><\/h2>\n<\/li>\n<\/ol>\n<p><span style=\"font-weight: 400;\">La firmeza del colch\u00f3n tambi\u00e9n influye en c\u00f3mo percibimos la temperatura durante el sue\u00f1o. Los colchones demasiado blandos pueden hacer que nos hundamos, dificultando la circulaci\u00f3n del aire <\/span><span style=\"font-weight: 400;\">y tener una sensaci\u00f3n de \u201catrapamiento\u201d.<\/span><span style=\"font-weight: 400;\"> Una firmeza media o media-alta suele ser ideal para mantenernos frescos.<\/span><\/p>\n<ol start=\"5\">\n<li>\n<h2><b> Fundas y protectores<\/b><\/h2>\n<\/li>\n<\/ol>\n<p><span style=\"font-weight: 400;\">No subestimes <\/span><b>la importancia de una buena funda para tu colch\u00f3n perfecto para el verano<\/b><span style=\"font-weight: 400;\">. Opta por fundas hechas de materiales transpirables y frescos, como el algod\u00f3n. Adem\u00e1s, los protectores de colch\u00f3n con propiedades refrigerantes pueden a\u00f1adir una capa extra de confort y frescura.<\/span><\/p>\n<ol start=\"6\">\n<li>\n<h2><b> Tama\u00f1o del colch\u00f3n<\/b><\/h2>\n<\/li>\n<\/ol>\n<p><b>El tama\u00f1o del colch\u00f3n tambi\u00e9n puede afectar tu confort<\/b><span style=\"font-weight: 400;\">. Un colch\u00f3n m\u00e1s grande permite una mejor dispersi\u00f3n del calor corporal.\u00a0<\/span><\/p>\n<ol start=\"7\">\n<li>\n<h2><b>Evaluaci\u00f3n de tus necesidades personales<\/b><\/h2>\n<\/li>\n<\/ol>\n<p><span style=\"font-weight: 400;\">Cada persona es diferente y lo que funciona para uno puede no ser ideal para otro. Si eres propenso a sudar mucho, los colchones <\/span><span style=\"font-weight: 400;\">de muelles y<\/span><span style=\"font-weight: 400;\"> con tecnolog\u00edas avanzadas de enfriamiento pueden ser la mejor opci\u00f3n.<\/span><\/p>\n<p>&nbsp;<\/p>\n<p><span style=\"font-weight: 400;\">Sabemos que elegir el colch\u00f3n adecuado para el verano puede parecer una tarea complicada, pero en Colchones Vela estamos aqu\u00ed para ayudarte en tu decisi\u00f3n de elecci\u00f3n de colch\u00f3n para que disfrutes de noches de sue\u00f1o reparador.\u00a0<\/span><\/p>\n<p><span style=\"font-weight: 400;\">\u00a1No olvides seguirnos en nuestras <\/span><a href=\"https:\/\/www.instagram.com\/colchonesvela\/\"><b>redes sociales<\/b><\/a><span style=\"font-weight: 400;\"> para no perderte ninguna novedad!<\/span><\/p>\n","protected":false},"excerpt":{"rendered":"<p>El verano trae consigo altas temperaturas que pueden afectar la calidad de nuestro descanso. Es por eso que en Colchones Vela sabemos que elegir el colch\u00f3n adecuado para esta temporada es primordial para garantizar noches frescas y de descanso. En este post te contamos algunos consejos para que elijas el mejor colch\u00f3n para ti para [&hellip;]<\/p>\n","protected":false},"author":4,"featured_media":1020,"comment_status":"closed","ping_status":"closed","sticky":false,"template":"","format":"standard","meta":{"footnotes":""},"categories":[3],"tags":[22],"class_list":["post-664","post","type-post","status-publish","format-standard","has-post-thumbnail","hentry","category-consejos-de-compra","tag-colchon"],"yoast_head":"<!-- This site is optimized with the Yoast SEO Premium plugin v24.8 (Yoast SEO v27.5) - https:\/\/yoast.com\/product\/yoast-seo-premium-wordpress\/ -->\n<title>C\u00f3mo debes elegir tu colch\u00f3n perfecto para el verano - Colchones Vela<\/title>\n<meta name=\"description\" content=\"Es por eso que en Colchones Vela sabemos que elegir el colch\u00f3n perfecto para este verano es primordial para garantizar noches frescas.\" \/>\n<meta name=\"robots\" content=\"index, follow, max-snippet:-1, max-image-preview:large, max-video-preview:-1\" \/>\n<link rel=\"canonical\" href=\"https:\/\/colchonesvela.com\/blog\/consejos-de-compra\/como-debes-elegir-tu-colchon-perfecto-para-el-verano\/\" \/>\n<meta property=\"og:locale\" content=\"es_ES\" \/>\n<meta property=\"og:type\" content=\"article\" \/>\n<meta property=\"og:title\" content=\"C\u00f3mo debes elegir tu colch\u00f3n perfecto para el verano\" \/>\n<meta property=\"og:description\" content=\"Es por eso que en Colchones Vela sabemos que elegir el colch\u00f3n perfecto para este verano es primordial para garantizar noches frescas.\" \/>\n<meta property=\"og:url\" content=\"https:\/\/colchonesvela.com\/blog\/consejos-de-compra\/como-debes-elegir-tu-colchon-perfecto-para-el-verano\/\" \/>\n<meta property=\"og:site_name\" content=\"Colchones Vela\" \/>\n<meta property=\"article:published_time\" content=\"2024-07-02T12:21:05+00:00\" \/>\n<meta property=\"article:modified_time\" content=\"2025-05-21T07:19:18+00:00\" \/>\n<meta property=\"og:image\" content=\"https:\/\/colchonesvela.com\/blog\/wp-content\/uploads\/2024\/07\/colchones-para-verano.jpg\" \/>\n\t<meta property=\"og:image:width\" content=\"2560\" \/>\n\t<meta property=\"og:image:height\" content=\"1707\" \/>\n\t<meta property=\"og:image:type\" content=\"image\/jpeg\" \/>\n<meta name=\"author\" content=\"Info\" \/>\n<meta name=\"twitter:card\" content=\"summary_large_image\" \/>\n<meta name=\"twitter:label1\" content=\"Escrito por\" \/>\n\t<meta name=\"twitter:data1\" content=\"Info\" \/>\n\t<meta name=\"twitter:label2\" content=\"Tiempo de lectura\" \/>\n\t<meta name=\"twitter:data2\" content=\"3 minutos\" \/>\n<script type=\"application\/ld+json\" class=\"yoast-schema-graph\">{\"@context\":\"https:\\\/\\\/schema.org\",\"@graph\":[{\"@type\":\"Article\",\"@id\":\"https:\\\/\\\/colchonesvela.com\\\/blog\\\/consejos-de-compra\\\/como-debes-elegir-tu-colchon-perfecto-para-el-verano\\\/#article\",\"isPartOf\":{\"@id\":\"https:\\\/\\\/colchonesvela.com\\\/blog\\\/consejos-de-compra\\\/como-debes-elegir-tu-colchon-perfecto-para-el-verano\\\/\"},\"author\":{\"name\":\"Info\",\"@id\":\"https:\\\/\\\/colchonesvela.com\\\/blog\\\/#\\\/schema\\\/person\\\/ca9f6c0f518cdf83cf962b07109d52b6\"},\"headline\":\"C\u00f3mo debes elegir tu colch\u00f3n perfecto para el verano\",\"datePublished\":\"2024-07-02T12:21:05+00:00\",\"dateModified\":\"2025-05-21T07:19:18+00:00\",\"mainEntityOfPage\":{\"@id\":\"https:\\\/\\\/colchonesvela.com\\\/blog\\\/consejos-de-compra\\\/como-debes-elegir-tu-colchon-perfecto-para-el-verano\\\/\"},\"wordCount\":527,\"publisher\":{\"@id\":\"https:\\\/\\\/colchonesvela.com\\\/blog\\\/#organization\"},\"image\":{\"@id\":\"https:\\\/\\\/colchonesvela.com\\\/blog\\\/consejos-de-compra\\\/como-debes-elegir-tu-colchon-perfecto-para-el-verano\\\/#primaryimage\"},\"thumbnailUrl\":\"https:\\\/\\\/colchonesvela.com\\\/blog\\\/wp-content\\\/uploads\\\/2024\\\/07\\\/colchones-para-verano.jpg\",\"keywords\":[\"colchon\"],\"articleSection\":[\"Consejos de compra\"],\"inLanguage\":\"es\"},{\"@type\":\"WebPage\",\"@id\":\"https:\\\/\\\/colchonesvela.com\\\/blog\\\/consejos-de-compra\\\/como-debes-elegir-tu-colchon-perfecto-para-el-verano\\\/\",\"url\":\"https:\\\/\\\/colchonesvela.com\\\/blog\\\/consejos-de-compra\\\/como-debes-elegir-tu-colchon-perfecto-para-el-verano\\\/\",\"name\":\"C\u00f3mo debes elegir tu colch\u00f3n perfecto para el verano - Colchones Vela\",\"isPartOf\":{\"@id\":\"https:\\\/\\\/colchonesvela.com\\\/blog\\\/#website\"},\"primaryImageOfPage\":{\"@id\":\"https:\\\/\\\/colchonesvela.com\\\/blog\\\/consejos-de-compra\\\/como-debes-elegir-tu-colchon-perfecto-para-el-verano\\\/#primaryimage\"},\"image\":{\"@id\":\"https:\\\/\\\/colchonesvela.com\\\/blog\\\/consejos-de-compra\\\/como-debes-elegir-tu-colchon-perfecto-para-el-verano\\\/#primaryimage\"},\"thumbnailUrl\":\"https:\\\/\\\/colchonesvela.com\\\/blog\\\/wp-content\\\/uploads\\\/2024\\\/07\\\/colchones-para-verano.jpg\",\"datePublished\":\"2024-07-02T12:21:05+00:00\",\"dateModified\":\"2025-05-21T07:19:18+00:00\",\"description\":\"Es por eso que en Colchones Vela sabemos que elegir el colch\u00f3n perfecto para este verano es primordial para garantizar noches frescas.\",\"breadcrumb\":{\"@id\":\"https:\\\/\\\/colchonesvela.com\\\/blog\\\/consejos-de-compra\\\/como-debes-elegir-tu-colchon-perfecto-para-el-verano\\\/#breadcrumb\"},\"inLanguage\":\"es\",\"potentialAction\":[{\"@type\":\"ReadAction\",\"target\":[\"https:\\\/\\\/colchonesvela.com\\\/blog\\\/consejos-de-compra\\\/como-debes-elegir-tu-colchon-perfecto-para-el-verano\\\/\"]}]},{\"@type\":\"ImageObject\",\"inLanguage\":\"es\",\"@id\":\"https:\\\/\\\/colchonesvela.com\\\/blog\\\/consejos-de-compra\\\/como-debes-elegir-tu-colchon-perfecto-para-el-verano\\\/#primaryimage\",\"url\":\"https:\\\/\\\/colchonesvela.com\\\/blog\\\/wp-content\\\/uploads\\\/2024\\\/07\\\/colchones-para-verano.jpg\",\"contentUrl\":\"https:\\\/\\\/colchonesvela.com\\\/blog\\\/wp-content\\\/uploads\\\/2024\\\/07\\\/colchones-para-verano.jpg\",\"width\":2560,\"height\":1707,\"caption\":\"Elige el colchon perfecto para verano\"},{\"@type\":\"BreadcrumbList\",\"@id\":\"https:\\\/\\\/colchonesvela.com\\\/blog\\\/consejos-de-compra\\\/como-debes-elegir-tu-colchon-perfecto-para-el-verano\\\/#breadcrumb\",\"itemListElement\":[{\"@type\":\"ListItem\",\"position\":1,\"name\":\"Portada\",\"item\":\"https:\\\/\\\/colchonesvela.com\\\/blog\\\/inicio\\\/\"},{\"@type\":\"ListItem\",\"position\":2,\"name\":\"C\u00f3mo debes elegir tu colch\u00f3n perfecto para el verano\"}]},{\"@type\":\"WebSite\",\"@id\":\"https:\\\/\\\/colchonesvela.com\\\/blog\\\/#website\",\"url\":\"https:\\\/\\\/colchonesvela.com\\\/blog\\\/\",\"name\":\"Colchones Vela\",\"description\":\"Art\u00edculos para el descanso\",\"publisher\":{\"@id\":\"https:\\\/\\\/colchonesvela.com\\\/blog\\\/#organization\"},\"potentialAction\":[{\"@type\":\"SearchAction\",\"target\":{\"@type\":\"EntryPoint\",\"urlTemplate\":\"https:\\\/\\\/colchonesvela.com\\\/blog\\\/?s={search_term_string}\"},\"query-input\":{\"@type\":\"PropertyValueSpecification\",\"valueRequired\":true,\"valueName\":\"search_term_string\"}}],\"inLanguage\":\"es\"},{\"@type\":\"Organization\",\"@id\":\"https:\\\/\\\/colchonesvela.com\\\/blog\\\/#organization\",\"name\":\"Colchones Vela\",\"url\":\"https:\\\/\\\/colchonesvela.com\\\/blog\\\/\",\"logo\":{\"@type\":\"ImageObject\",\"inLanguage\":\"es\",\"@id\":\"https:\\\/\\\/colchonesvela.com\\\/blog\\\/#\\\/schema\\\/logo\\\/image\\\/\",\"url\":\"https:\\\/\\\/colchonesvela.com\\\/blog\\\/wp-content\\\/uploads\\\/2021\\\/03\\\/vela-logo-11.png\",\"contentUrl\":\"https:\\\/\\\/colchonesvela.com\\\/blog\\\/wp-content\\\/uploads\\\/2021\\\/03\\\/vela-logo-11.png\",\"width\":212,\"height\":140,\"caption\":\"Colchones Vela\"},\"image\":{\"@id\":\"https:\\\/\\\/colchonesvela.com\\\/blog\\\/#\\\/schema\\\/logo\\\/image\\\/\"},\"sameAs\":[\"https:\\\/\\\/www.instagram.com\\\/colchonesvela\\\/\"]},{\"@type\":\"Person\",\"@id\":\"https:\\\/\\\/colchonesvela.com\\\/blog\\\/#\\\/schema\\\/person\\\/ca9f6c0f518cdf83cf962b07109d52b6\",\"name\":\"Info\",\"image\":{\"@type\":\"ImageObject\",\"inLanguage\":\"es\",\"@id\":\"https:\\\/\\\/secure.gravatar.com\\\/avatar\\\/86a0a5d2b5db6b377c70d59e76f6817e76e8f191f06840c42a37bc1aa424ac3d?s=96&d=mm&r=g\",\"url\":\"https:\\\/\\\/secure.gravatar.com\\\/avatar\\\/86a0a5d2b5db6b377c70d59e76f6817e76e8f191f06840c42a37bc1aa424ac3d?s=96&d=mm&r=g\",\"contentUrl\":\"https:\\\/\\\/secure.gravatar.com\\\/avatar\\\/86a0a5d2b5db6b377c70d59e76f6817e76e8f191f06840c42a37bc1aa424ac3d?s=96&d=mm&r=g\",\"caption\":\"Info\"}}]}<\/script>\n<!-- \/ Yoast SEO Premium plugin. -->","yoast_head_json":{"title":"C\u00f3mo debes elegir tu colch\u00f3n perfecto para el verano - Colchones Vela","description":"Es por eso que en Colchones Vela sabemos que elegir el colch\u00f3n perfecto para este verano es primordial para garantizar noches frescas.","robots":{"index":"index","follow":"follow","max-snippet":"max-snippet:-1","max-image-preview":"max-image-preview:large","max-video-preview":"max-video-preview:-1"},"canonical":"https:\/\/colchonesvela.com\/blog\/consejos-de-compra\/como-debes-elegir-tu-colchon-perfecto-para-el-verano\/","og_locale":"es_ES","og_type":"article","og_title":"C\u00f3mo debes elegir tu colch\u00f3n perfecto para el verano","og_description":"Es por eso que en Colchones Vela sabemos que elegir el colch\u00f3n perfecto para este verano es primordial para garantizar noches frescas.","og_url":"https:\/\/colchonesvela.com\/blog\/consejos-de-compra\/como-debes-elegir-tu-colchon-perfecto-para-el-verano\/","og_site_name":"Colchones Vela","article_published_time":"2024-07-02T12:21:05+00:00","article_modified_time":"2025-05-21T07:19:18+00:00","og_image":[{"width":2560,"height":1707,"url":"https:\/\/colchonesvela.com\/blog\/wp-content\/uploads\/2024\/07\/colchones-para-verano.jpg","type":"image\/jpeg"}],"author":"Info","twitter_card":"summary_large_image","twitter_misc":{"Escrito por":"Info","Tiempo de lectura":"3 minutos"},"schema":{"@context":"https:\/\/schema.org","@graph":[{"@type":"Article","@id":"https:\/\/colchonesvela.com\/blog\/consejos-de-compra\/como-debes-elegir-tu-colchon-perfecto-para-el-verano\/#article","isPartOf":{"@id":"https:\/\/colchonesvela.com\/blog\/consejos-de-compra\/como-debes-elegir-tu-colchon-perfecto-para-el-verano\/"},"author":{"name":"Info","@id":"https:\/\/colchonesvela.com\/blog\/#\/schema\/person\/ca9f6c0f518cdf83cf962b07109d52b6"},"headline":"C\u00f3mo debes elegir tu colch\u00f3n perfecto para el verano","datePublished":"2024-07-02T12:21:05+00:00","dateModified":"2025-05-21T07:19:18+00:00","mainEntityOfPage":{"@id":"https:\/\/colchonesvela.com\/blog\/consejos-de-compra\/como-debes-elegir-tu-colchon-perfecto-para-el-verano\/"},"wordCount":527,"publisher":{"@id":"https:\/\/colchonesvela.com\/blog\/#organization"},"image":{"@id":"https:\/\/colchonesvela.com\/blog\/consejos-de-compra\/como-debes-elegir-tu-colchon-perfecto-para-el-verano\/#primaryimage"},"thumbnailUrl":"https:\/\/colchonesvela.com\/blog\/wp-content\/uploads\/2024\/07\/colchones-para-verano.jpg","keywords":["colchon"],"articleSection":["Consejos de compra"],"inLanguage":"es"},{"@type":"WebPage","@id":"https:\/\/colchonesvela.com\/blog\/consejos-de-compra\/como-debes-elegir-tu-colchon-perfecto-para-el-verano\/","url":"https:\/\/colchonesvela.com\/blog\/consejos-de-compra\/como-debes-elegir-tu-colchon-perfecto-para-el-verano\/","name":"C\u00f3mo debes elegir tu colch\u00f3n perfecto para el verano - Colchones Vela","isPartOf":{"@id":"https:\/\/colchonesvela.com\/blog\/#website"},"primaryImageOfPage":{"@id":"https:\/\/colchonesvela.com\/blog\/consejos-de-compra\/como-debes-elegir-tu-colchon-perfecto-para-el-verano\/#primaryimage"},"image":{"@id":"https:\/\/colchonesvela.com\/blog\/consejos-de-compra\/como-debes-elegir-tu-colchon-perfecto-para-el-verano\/#primaryimage"},"thumbnailUrl":"https:\/\/colchonesvela.com\/blog\/wp-content\/uploads\/2024\/07\/colchones-para-verano.jpg","datePublished":"2024-07-02T12:21:05+00:00","dateModified":"2025-05-21T07:19:18+00:00","description":"Es por eso que en Colchones Vela sabemos que elegir el colch\u00f3n perfecto para este verano es primordial para garantizar noches frescas.","breadcrumb":{"@id":"https:\/\/colchonesvela.com\/blog\/consejos-de-compra\/como-debes-elegir-tu-colchon-perfecto-para-el-verano\/#breadcrumb"},"inLanguage":"es","potentialAction":[{"@type":"ReadAction","target":["https:\/\/colchonesvela.com\/blog\/consejos-de-compra\/como-debes-elegir-tu-colchon-perfecto-para-el-verano\/"]}]},{"@type":"ImageObject","inLanguage":"es","@id":"https:\/\/colchonesvela.com\/blog\/consejos-de-compra\/como-debes-elegir-tu-colchon-perfecto-para-el-verano\/#primaryimage","url":"https:\/\/colchonesvela.com\/blog\/wp-content\/uploads\/2024\/07\/colchones-para-verano.jpg","contentUrl":"https:\/\/colchonesvela.com\/blog\/wp-content\/uploads\/2024\/07\/colchones-para-verano.jpg","width":2560,"height":1707,"caption":"Elige el colchon perfecto para verano"},{"@type":"BreadcrumbList","@id":"https:\/\/colchonesvela.com\/blog\/consejos-de-compra\/como-debes-elegir-tu-colchon-perfecto-para-el-verano\/#breadcrumb","itemListElement":[{"@type":"ListItem","position":1,"name":"Portada","item":"https:\/\/colchonesvela.com\/blog\/inicio\/"},{"@type":"ListItem","position":2,"name":"C\u00f3mo debes elegir tu colch\u00f3n perfecto para el verano"}]},{"@type":"WebSite","@id":"https:\/\/colchonesvela.com\/blog\/#website","url":"https:\/\/colchonesvela.com\/blog\/","name":"Colchones Vela","description":"Art\u00edculos para el descanso","publisher":{"@id":"https:\/\/colchonesvela.com\/blog\/#organization"},"potentialAction":[{"@type":"SearchAction","target":{"@type":"EntryPoint","urlTemplate":"https:\/\/colchonesvela.com\/blog\/?s={search_term_string}"},"query-input":{"@type":"PropertyValueSpecification","valueRequired":true,"valueName":"search_term_string"}}],"inLanguage":"es"},{"@type":"Organization","@id":"https:\/\/colchonesvela.com\/blog\/#organization","name":"Colchones Vela","url":"https:\/\/colchonesvela.com\/blog\/","logo":{"@type":"ImageObject","inLanguage":"es","@id":"https:\/\/colchonesvela.com\/blog\/#\/schema\/logo\/image\/","url":"https:\/\/colchonesvela.com\/blog\/wp-content\/uploads\/2021\/03\/vela-logo-11.png","contentUrl":"https:\/\/colchonesvela.com\/blog\/wp-content\/uploads\/2021\/03\/vela-logo-11.png","width":212,"height":140,"caption":"Colchones Vela"},"image":{"@id":"https:\/\/colchonesvela.com\/blog\/#\/schema\/logo\/image\/"},"sameAs":["https:\/\/www.instagram.com\/colchonesvela\/"]},{"@type":"Person","@id":"https:\/\/colchonesvela.com\/blog\/#\/schema\/person\/ca9f6c0f518cdf83cf962b07109d52b6","name":"Info","image":{"@type":"ImageObject","inLanguage":"es","@id":"https:\/\/secure.gravatar.com\/avatar\/86a0a5d2b5db6b377c70d59e76f6817e76e8f191f06840c42a37bc1aa424ac3d?s=96&d=mm&r=g","url":"https:\/\/secure.gravatar.com\/avatar\/86a0a5d2b5db6b377c70d59e76f6817e76e8f191f06840c42a37bc1aa424ac3d?s=96&d=mm&r=g","contentUrl":"https:\/\/secure.gravatar.com\/avatar\/86a0a5d2b5db6b377c70d59e76f6817e76e8f191f06840c42a37bc1aa424ac3d?s=96&d=mm&r=g","caption":"Info"}}]}},"_links":{"self":[{"href":"https:\/\/colchonesvela.com\/blog\/wp-json\/wp\/v2\/posts\/664","targetHints":{"allow":["GET"]}}],"collection":[{"href":"https:\/\/colchonesvela.com\/blog\/wp-json\/wp\/v2\/posts"}],"about":[{"href":"https:\/\/colchonesvela.com\/blog\/wp-json\/wp\/v2\/types\/post"}],"author":[{"embeddable":true,"href":"https:\/\/colchonesvela.com\/blog\/wp-json\/wp\/v2\/users\/4"}],"replies":[{"embeddable":true,"href":"https:\/\/colchonesvela.com\/blog\/wp-json\/wp\/v2\/comments?post=664"}],"version-history":[{"count":5,"href":"https:\/\/colchonesvela.com\/blog\/wp-json\/wp\/v2\/posts\/664\/revisions"}],"predecessor-version":[{"id":667,"href":"https:\/\/colchonesvela.com\/blog\/wp-json\/wp\/v2\/posts\/664\/revisions\/667"}],"wp:featuredmedia":[{"embeddable":true,"href":"https:\/\/colchonesvela.com\/blog\/wp-json\/wp\/v2\/media\/1020"}],"wp:attachment":[{"href":"https:\/\/colchonesvela.com\/blog\/wp-json\/wp\/v2\/media?parent=664"}],"wp:term":[{"taxonomy":"category","embeddable":true,"href":"https:\/\/colchonesvela.com\/blog\/wp-json\/wp\/v2\/categories?post=664"},{"taxonomy":"post_tag","embeddable":true,"href":"https:\/\/colchonesvela.com\/blog\/wp-json\/wp\/v2\/tags?post=664"}],"curies":[{"name":"wp","href":"https:\/\/api.w.org\/{rel}","templated":true}]}}