{"id":1447,"date":"2025-12-05T09:52:29","date_gmt":"2025-12-05T09:52:29","guid":{"rendered":"https:\/\/colchonesvela.com\/blog\/?p=1447"},"modified":"2025-12-05T09:52:29","modified_gmt":"2025-12-05T09:52:29","slug":"como-lavar-edredon-nordico","status":"publish","type":"post","link":"https:\/\/colchonesvela.com\/blog\/consejos-de-mantenimiento\/como-lavar-edredon-nordico\/","title":{"rendered":"C\u00f3mo lavar un edred\u00f3n n\u00f3rdico sin da\u00f1arlo (gu\u00eda completa)"},"content":{"rendered":"<p>Cuidar tu edred\u00f3n n\u00f3rdico es m\u00e1s sencillo de lo que parece. Con unos pasos b\u00e1sicos puedes mantenerlo limpio, esponjoso y con la misma calidez del primer d\u00eda. En Colchones Vela, una de las tiendas de colchones en Zaragoza con m\u00e1s experiencia, <strong>te contamos c\u00f3mo lavarlo seg\u00fan las recomendaciones del fabricante.<\/strong><\/p>\n<h2>\u00bfSe puede lavar un edred\u00f3n n\u00f3rdico en la lavadora?<\/h2>\n<p><strong>S\u00ed, se puede.<\/strong> Los edredones actuales est\u00e1n preparados para resistir ciclos suaves de lavado siempre que se usen <strong>programas delicados y detergentes l\u00edquidos sin suavizante.<\/strong> Solo aseg\u00farate de que el edred\u00f3n tenga espacio suficiente dentro de la lavadora.<\/p>\n<p>Necesitar\u00e1s:<\/p>\n<ul>\n<li><strong>Lavadora de carga frontal<\/strong><\/li>\n<li><strong>Detergente l\u00edquido suave<\/strong><\/li>\n<li><strong>Pelotas de secado<\/strong><\/li>\n<li><strong>Secadora con programa de relleno<\/strong><\/li>\n<\/ul>\n<h2>\u00bfQu\u00e9 programa de lavadora usar para n\u00f3rdico?<\/h2>\n<p>Para evitar que el relleno se apelmace y prolongar la vida \u00fatil del n\u00f3rdico, usa:<\/p>\n<ul>\n<li><strong>Programa de ropa delicada<\/strong> o textiles de relleno<\/li>\n<li><strong>Temperatura m\u00e1xima: 30\u00b0C<\/strong><\/li>\n<li><strong>Centrifugado suave<\/strong><\/li>\n<li><strong>Muy poco detergente<\/strong><\/li>\n<li><strong>2\u20133 pelotas de secado<\/strong> dentro del tambor<\/li>\n<\/ul>\n<p>Si tu lavadora es <strong>menor de 8 kg, es probable que un n\u00f3rdico grande no quepa bien<\/strong>. En ese caso, opta por una lavander\u00eda autoservicio o l\u00e1valo en la ba\u00f1era.<\/p>\n<h2>C\u00f3mo lavar un edred\u00f3n n\u00f3rdico paso a paso<\/h2>\n<p>Esta es la gu\u00eda exacta incluida en tu documento original, un m\u00e9todo infalible para lavar un edred\u00f3n n\u00f3rdico de fibra sin da\u00f1arlo:<\/p>\n<ol>\n<li><strong>Revisa la etiqueta<\/strong> \u2014 Siempre es lo primero. Busca el s\u00edmbolo de lavado y sigue las instrucciones del fabricante.<\/li>\n<li><strong>Quita la funda<\/strong> \u2014 Si tu edred\u00f3n tiene funda, l\u00e1vala por separado. La funda se lava m\u00e1s f\u00e1cil y evita que las plumas se acumulen en la lavadora<\/li>\n<li><strong>Coloca el edred\u00f3n en la lavadora<\/strong> \u2014 Aseg\u00farate de que no est\u00e9 doblado ni apretado. Si es muy grande, usa una lavadora de 8 kg o m\u00e1s<\/li>\n<li><strong>Usa poco detergente<\/strong> \u2014 Una dosis peque\u00f1a de detergente l\u00edquido es suficiente. El exceso de espuma puede quedar atrapado en las plumas<\/li>\n<li><strong>Elige un ciclo suave<\/strong> \u2014 Usa agua fr\u00eda o tibia (30\u00b0C), y programa de lavado delicado o para ropa de relleno.<\/li>\n<li><strong>A\u00f1ade pelotas de secado<\/strong> \u2014 Estas ayudan a distribuir la fibra durante el lavado y evitan que se formen grumos.<\/li>\n<li><strong>Seca bien<\/strong> \u2014 <strong>Ponlo en la secadora con pelotas de secado<\/strong>. Usa temperatura baja y programa largo. \u00a1No lo saques hasta que est\u00e9 completamente seco! <strong>Si no tienes secadora, s\u00e9calo al aire libre, d\u00e1ndole vueltas cada 2 horas<\/strong> y asegur\u00e1ndote de que <strong>no se humedezca por la lluvia.<\/strong><\/li>\n<\/ol>\n<p>Consejo extra: Si tu edred\u00f3n tiene un olor a humedad despu\u00e9s de lavarlo, <strong>a\u00f1ade una cucharada de vinagre blanco al ciclo de enjuague<\/strong>. Desaparecer\u00e1 el olor y dejar\u00e1 las plumas m\u00e1s suaves.<\/p>\n<p><img decoding=\"async\" class=\" wp-image-1449 aligncenter\" src=\"https:\/\/colchonesvela.com\/blog\/wp-content\/uploads\/2025\/12\/regalo-edredon-nordico-con-pack-colchon-y-canape-300x141.webp\" alt=\"consigue un regalo de edred\u00f3n n\u00f3rdico con la compra de un pack colch\u00f3n y canap\u00e9\" width=\"723\" height=\"340\" srcset=\"https:\/\/colchonesvela.com\/blog\/wp-content\/uploads\/2025\/12\/regalo-edredon-nordico-con-pack-colchon-y-canape-300x141.webp 300w, https:\/\/colchonesvela.com\/blog\/wp-content\/uploads\/2025\/12\/regalo-edredon-nordico-con-pack-colchon-y-canape-1030x484.webp 1030w, https:\/\/colchonesvela.com\/blog\/wp-content\/uploads\/2025\/12\/regalo-edredon-nordico-con-pack-colchon-y-canape-768x361.webp 768w, https:\/\/colchonesvela.com\/blog\/wp-content\/uploads\/2025\/12\/regalo-edredon-nordico-con-pack-colchon-y-canape-705x331.webp 705w, https:\/\/colchonesvela.com\/blog\/wp-content\/uploads\/2025\/12\/regalo-edredon-nordico-con-pack-colchon-y-canape.webp 1280w\" sizes=\"(max-width: 723px) 100vw, 723px\" \/><\/p>\n<h2>Promoci\u00f3n especial de diciembre: ll\u00e9vate un edred\u00f3n n\u00f3rdico de regalo<\/h2>\n<p>Antes de elegir gramaje o tipo de n\u00f3rdico, debes saber que <strong>del 8 al 31 de diciembre, por compras superiores a 700\u20ac<\/strong>, en colchones, canap\u00e9s o packs de cama, te regalamos un <a href=\"https:\/\/colchonesvela.com\/225-edredon-rellenos-nordicos\"><strong>edred\u00f3n n\u00f3rdico de fibra.<\/strong><\/a><\/p>\n<p>Es el momento ideal para renovar tu dormitorio: colch\u00f3n nuevo, un canap\u00e9 con m\u00e1s almacenaje\u2026 y un n\u00f3rdico gratis para estrenar un descanso c\u00e1lido este invierno.<\/p>\n<h2>C\u00f3mo elegir el gramaje ideal de un edred\u00f3n n\u00f3rdico<\/h2>\n<p>Una vez conoces la promoci\u00f3n, vamos a lo importante: la calidez del n\u00f3rdico. El gramaje determina cu\u00e1nto abriga:<\/p>\n<ul>\n<li><strong>150 g\/m\u00b2<\/strong>: opci\u00f3n ligera para entretiempo o personas calurosas.<\/li>\n<li><strong>200\u2013300 g\/m\u00b2<\/strong>: el gramaje est\u00e1ndar para dormitorios entre 18\u201321\u00baC.<\/li>\n<li><strong>M\u00e1s de 300 g\/m\u00b2<\/strong>: ideal para zonas fr\u00edas como Arag\u00f3n o para personas frioleras.<\/li>\n<\/ul>\n<p>En Colchones Vela disponemos de edredones n\u00f3rdicos de fibra suave hipoalerg\u00e9nicos de alta calidad que combinan ligereza y calidez.<\/p>\n<h2>Mejora todav\u00eda m\u00e1s la calidez de tu dormitorio<\/h2>\n<p>Si quieres un descanso m\u00e1s estable, renovar el conjunto base + colch\u00f3n puede marcar la diferencia. Nuestros packs de colch\u00f3n y canap\u00e9 son una soluci\u00f3n muy demandada en invierno:<\/p>\n<ul>\n<li><a href=\"https:\/\/colchonesvela.com\/79-ofertas-en-packs-de-colchon-y-canape\"><strong>Pack colch\u00f3n + canap\u00e9 abatible<\/strong><\/a><\/li>\n<li><a href=\"https:\/\/colchonesvela.com\/85-canape-abatible-lateral\"><strong>Canap\u00e9 abatible lateral<\/strong><\/a> para habitaciones estrechas<\/li>\n<li><a href=\"https:\/\/colchonesvela.com\/84-canape-con-zapatero\"><strong>Canap\u00e9 con zapatero<\/strong><\/a> para ganar orden y espacio<\/li>\n<\/ul>\n<p>Te ayudamos a elegir el pack ideal seg\u00fan tu habitaci\u00f3n y tus necesidades.<\/p>\n<h2>Lavar tu n\u00f3rdico es sencillo si sigues la t\u00e9cnica adecuada<\/h2>\n<p>Lavar un edred\u00f3n n\u00f3rdico correctamente es sencillo si sigues un programa suave, usas poco detergente y te aseguras de secarlo por completo. Si adem\u00e1s quieres renovar tu descanso este invierno, recuerda que desde el 8 de diciembre hasta el 31 de diciembre puedes llevarte un n\u00f3rdico gratis por compras superiores a 700\u20ac. Vis\u00edtanos online o en <a href=\"https:\/\/colchonesvela.com\/contenido\/1-tiendas-de-colchones-en-zaragoza\"><strong>nuestras tiendas de colchones en Zaragoza<\/strong><\/a> para encontrar tu pack perfecto.<\/p>\n","protected":false},"excerpt":{"rendered":"<p>Cuidar tu edred\u00f3n n\u00f3rdico es m\u00e1s sencillo de lo que parece. Con unos pasos b\u00e1sicos puedes mantenerlo limpio, esponjoso y con la misma calidez del primer d\u00eda. En Colchones Vela, una de las tiendas de colchones en Zaragoza con m\u00e1s experiencia, te contamos c\u00f3mo lavarlo seg\u00fan las recomendaciones del fabricante. \u00bfSe puede lavar un edred\u00f3n [&hellip;]<\/p>\n","protected":false},"author":4,"featured_media":1448,"comment_status":"closed","ping_status":"closed","sticky":false,"template":"","format":"standard","meta":{"footnotes":""},"categories":[6],"tags":[],"class_list":["post-1447","post","type-post","status-publish","format-standard","has-post-thumbnail","hentry","category-consejos-de-mantenimiento"],"yoast_head":"<!-- This site is optimized with the Yoast SEO Premium plugin v24.8 (Yoast SEO v27.4) - https:\/\/yoast.com\/product\/yoast-seo-premium-wordpress\/ -->\n<title>C\u00f3mo lavar un edred\u00f3n n\u00f3rdico sin da\u00f1arlo (gu\u00eda completa) - Colchones Vela<\/title>\n<meta name=\"description\" content=\"Aprende a lavar un edred\u00f3n n\u00f3rdico sin estropearlo, qu\u00e9 programa usar y qu\u00e9 gramaje elegir. Descubre c\u00f3mo llevarte un n\u00f3rdico gratis.\" \/>\n<meta name=\"robots\" content=\"index, follow, max-snippet:-1, max-image-preview:large, max-video-preview:-1\" \/>\n<link rel=\"canonical\" href=\"https:\/\/colchonesvela.com\/blog\/consejos-de-mantenimiento\/como-lavar-edredon-nordico\/\" \/>\n<meta property=\"og:locale\" content=\"es_ES\" \/>\n<meta property=\"og:type\" content=\"article\" \/>\n<meta property=\"og:title\" content=\"C\u00f3mo lavar un edred\u00f3n n\u00f3rdico sin da\u00f1arlo (gu\u00eda completa)\" \/>\n<meta property=\"og:description\" content=\"Aprende a lavar un edred\u00f3n n\u00f3rdico sin estropearlo, qu\u00e9 programa usar y qu\u00e9 gramaje elegir. Descubre c\u00f3mo llevarte un n\u00f3rdico gratis.\" \/>\n<meta property=\"og:url\" content=\"https:\/\/colchonesvela.com\/blog\/consejos-de-mantenimiento\/como-lavar-edredon-nordico\/\" \/>\n<meta property=\"og:site_name\" content=\"Colchones Vela\" \/>\n<meta property=\"article:published_time\" content=\"2025-12-05T09:52:29+00:00\" \/>\n<meta property=\"og:image\" content=\"https:\/\/colchonesvela.com\/blog\/wp-content\/uploads\/2025\/12\/lavar-edredon-nordico.webp\" \/>\n\t<meta property=\"og:image:width\" content=\"1280\" \/>\n\t<meta property=\"og:image:height\" content=\"601\" \/>\n\t<meta property=\"og:image:type\" content=\"image\/webp\" \/>\n<meta name=\"author\" content=\"Info\" \/>\n<meta name=\"twitter:card\" content=\"summary_large_image\" \/>\n<meta name=\"twitter:label1\" content=\"Escrito por\" \/>\n\t<meta name=\"twitter:data1\" content=\"Info\" \/>\n\t<meta name=\"twitter:label2\" content=\"Tiempo de lectura\" \/>\n\t<meta name=\"twitter:data2\" content=\"4 minutos\" \/>\n<script type=\"application\/ld+json\" class=\"yoast-schema-graph\">{\"@context\":\"https:\\\/\\\/schema.org\",\"@graph\":[{\"@type\":\"Article\",\"@id\":\"https:\\\/\\\/colchonesvela.com\\\/blog\\\/consejos-de-mantenimiento\\\/como-lavar-edredon-nordico\\\/#article\",\"isPartOf\":{\"@id\":\"https:\\\/\\\/colchonesvela.com\\\/blog\\\/consejos-de-mantenimiento\\\/como-lavar-edredon-nordico\\\/\"},\"author\":{\"name\":\"Info\",\"@id\":\"https:\\\/\\\/colchonesvela.com\\\/blog\\\/#\\\/schema\\\/person\\\/ca9f6c0f518cdf83cf962b07109d52b6\"},\"headline\":\"C\u00f3mo lavar un edred\u00f3n n\u00f3rdico sin da\u00f1arlo (gu\u00eda completa)\",\"datePublished\":\"2025-12-05T09:52:29+00:00\",\"mainEntityOfPage\":{\"@id\":\"https:\\\/\\\/colchonesvela.com\\\/blog\\\/consejos-de-mantenimiento\\\/como-lavar-edredon-nordico\\\/\"},\"wordCount\":817,\"publisher\":{\"@id\":\"https:\\\/\\\/colchonesvela.com\\\/blog\\\/#organization\"},\"image\":{\"@id\":\"https:\\\/\\\/colchonesvela.com\\\/blog\\\/consejos-de-mantenimiento\\\/como-lavar-edredon-nordico\\\/#primaryimage\"},\"thumbnailUrl\":\"https:\\\/\\\/colchonesvela.com\\\/blog\\\/wp-content\\\/uploads\\\/2025\\\/12\\\/lavar-edredon-nordico.webp\",\"articleSection\":[\"Consejos de mantenimiento\"],\"inLanguage\":\"es\"},{\"@type\":\"WebPage\",\"@id\":\"https:\\\/\\\/colchonesvela.com\\\/blog\\\/consejos-de-mantenimiento\\\/como-lavar-edredon-nordico\\\/\",\"url\":\"https:\\\/\\\/colchonesvela.com\\\/blog\\\/consejos-de-mantenimiento\\\/como-lavar-edredon-nordico\\\/\",\"name\":\"C\u00f3mo lavar un edred\u00f3n n\u00f3rdico sin da\u00f1arlo (gu\u00eda completa) - Colchones Vela\",\"isPartOf\":{\"@id\":\"https:\\\/\\\/colchonesvela.com\\\/blog\\\/#website\"},\"primaryImageOfPage\":{\"@id\":\"https:\\\/\\\/colchonesvela.com\\\/blog\\\/consejos-de-mantenimiento\\\/como-lavar-edredon-nordico\\\/#primaryimage\"},\"image\":{\"@id\":\"https:\\\/\\\/colchonesvela.com\\\/blog\\\/consejos-de-mantenimiento\\\/como-lavar-edredon-nordico\\\/#primaryimage\"},\"thumbnailUrl\":\"https:\\\/\\\/colchonesvela.com\\\/blog\\\/wp-content\\\/uploads\\\/2025\\\/12\\\/lavar-edredon-nordico.webp\",\"datePublished\":\"2025-12-05T09:52:29+00:00\",\"description\":\"Aprende a lavar un edred\u00f3n n\u00f3rdico sin estropearlo, qu\u00e9 programa usar y qu\u00e9 gramaje elegir. Descubre c\u00f3mo llevarte un n\u00f3rdico gratis.\",\"breadcrumb\":{\"@id\":\"https:\\\/\\\/colchonesvela.com\\\/blog\\\/consejos-de-mantenimiento\\\/como-lavar-edredon-nordico\\\/#breadcrumb\"},\"inLanguage\":\"es\",\"potentialAction\":[{\"@type\":\"ReadAction\",\"target\":[\"https:\\\/\\\/colchonesvela.com\\\/blog\\\/consejos-de-mantenimiento\\\/como-lavar-edredon-nordico\\\/\"]}]},{\"@type\":\"ImageObject\",\"inLanguage\":\"es\",\"@id\":\"https:\\\/\\\/colchonesvela.com\\\/blog\\\/consejos-de-mantenimiento\\\/como-lavar-edredon-nordico\\\/#primaryimage\",\"url\":\"https:\\\/\\\/colchonesvela.com\\\/blog\\\/wp-content\\\/uploads\\\/2025\\\/12\\\/lavar-edredon-nordico.webp\",\"contentUrl\":\"https:\\\/\\\/colchonesvela.com\\\/blog\\\/wp-content\\\/uploads\\\/2025\\\/12\\\/lavar-edredon-nordico.webp\",\"width\":1280,\"height\":601,\"caption\":\"descubre como lavar un edredon nordico\"},{\"@type\":\"BreadcrumbList\",\"@id\":\"https:\\\/\\\/colchonesvela.com\\\/blog\\\/consejos-de-mantenimiento\\\/como-lavar-edredon-nordico\\\/#breadcrumb\",\"itemListElement\":[{\"@type\":\"ListItem\",\"position\":1,\"name\":\"Portada\",\"item\":\"https:\\\/\\\/colchonesvela.com\\\/blog\\\/inicio\\\/\"},{\"@type\":\"ListItem\",\"position\":2,\"name\":\"C\u00f3mo lavar un edred\u00f3n n\u00f3rdico sin da\u00f1arlo (gu\u00eda completa)\"}]},{\"@type\":\"WebSite\",\"@id\":\"https:\\\/\\\/colchonesvela.com\\\/blog\\\/#website\",\"url\":\"https:\\\/\\\/colchonesvela.com\\\/blog\\\/\",\"name\":\"Colchones Vela\",\"description\":\"Art\u00edculos para el descanso\",\"publisher\":{\"@id\":\"https:\\\/\\\/colchonesvela.com\\\/blog\\\/#organization\"},\"potentialAction\":[{\"@type\":\"SearchAction\",\"target\":{\"@type\":\"EntryPoint\",\"urlTemplate\":\"https:\\\/\\\/colchonesvela.com\\\/blog\\\/?s={search_term_string}\"},\"query-input\":{\"@type\":\"PropertyValueSpecification\",\"valueRequired\":true,\"valueName\":\"search_term_string\"}}],\"inLanguage\":\"es\"},{\"@type\":\"Organization\",\"@id\":\"https:\\\/\\\/colchonesvela.com\\\/blog\\\/#organization\",\"name\":\"Colchones Vela\",\"url\":\"https:\\\/\\\/colchonesvela.com\\\/blog\\\/\",\"logo\":{\"@type\":\"ImageObject\",\"inLanguage\":\"es\",\"@id\":\"https:\\\/\\\/colchonesvela.com\\\/blog\\\/#\\\/schema\\\/logo\\\/image\\\/\",\"url\":\"https:\\\/\\\/colchonesvela.com\\\/blog\\\/wp-content\\\/uploads\\\/2021\\\/03\\\/vela-logo-11.png\",\"contentUrl\":\"https:\\\/\\\/colchonesvela.com\\\/blog\\\/wp-content\\\/uploads\\\/2021\\\/03\\\/vela-logo-11.png\",\"width\":212,\"height\":140,\"caption\":\"Colchones Vela\"},\"image\":{\"@id\":\"https:\\\/\\\/colchonesvela.com\\\/blog\\\/#\\\/schema\\\/logo\\\/image\\\/\"},\"sameAs\":[\"https:\\\/\\\/www.instagram.com\\\/colchonesvela\\\/\"]},{\"@type\":\"Person\",\"@id\":\"https:\\\/\\\/colchonesvela.com\\\/blog\\\/#\\\/schema\\\/person\\\/ca9f6c0f518cdf83cf962b07109d52b6\",\"name\":\"Info\",\"image\":{\"@type\":\"ImageObject\",\"inLanguage\":\"es\",\"@id\":\"https:\\\/\\\/secure.gravatar.com\\\/avatar\\\/86a0a5d2b5db6b377c70d59e76f6817e76e8f191f06840c42a37bc1aa424ac3d?s=96&d=mm&r=g\",\"url\":\"https:\\\/\\\/secure.gravatar.com\\\/avatar\\\/86a0a5d2b5db6b377c70d59e76f6817e76e8f191f06840c42a37bc1aa424ac3d?s=96&d=mm&r=g\",\"contentUrl\":\"https:\\\/\\\/secure.gravatar.com\\\/avatar\\\/86a0a5d2b5db6b377c70d59e76f6817e76e8f191f06840c42a37bc1aa424ac3d?s=96&d=mm&r=g\",\"caption\":\"Info\"}}]}<\/script>\n<!-- \/ Yoast SEO Premium plugin. -->","yoast_head_json":{"title":"C\u00f3mo lavar un edred\u00f3n n\u00f3rdico sin da\u00f1arlo (gu\u00eda completa) - Colchones Vela","description":"Aprende a lavar un edred\u00f3n n\u00f3rdico sin estropearlo, qu\u00e9 programa usar y qu\u00e9 gramaje elegir. Descubre c\u00f3mo llevarte un n\u00f3rdico gratis.","robots":{"index":"index","follow":"follow","max-snippet":"max-snippet:-1","max-image-preview":"max-image-preview:large","max-video-preview":"max-video-preview:-1"},"canonical":"https:\/\/colchonesvela.com\/blog\/consejos-de-mantenimiento\/como-lavar-edredon-nordico\/","og_locale":"es_ES","og_type":"article","og_title":"C\u00f3mo lavar un edred\u00f3n n\u00f3rdico sin da\u00f1arlo (gu\u00eda completa)","og_description":"Aprende a lavar un edred\u00f3n n\u00f3rdico sin estropearlo, qu\u00e9 programa usar y qu\u00e9 gramaje elegir. Descubre c\u00f3mo llevarte un n\u00f3rdico gratis.","og_url":"https:\/\/colchonesvela.com\/blog\/consejos-de-mantenimiento\/como-lavar-edredon-nordico\/","og_site_name":"Colchones Vela","article_published_time":"2025-12-05T09:52:29+00:00","og_image":[{"width":1280,"height":601,"url":"https:\/\/colchonesvela.com\/blog\/wp-content\/uploads\/2025\/12\/lavar-edredon-nordico.webp","type":"image\/webp"}],"author":"Info","twitter_card":"summary_large_image","twitter_misc":{"Escrito por":"Info","Tiempo de lectura":"4 minutos"},"schema":{"@context":"https:\/\/schema.org","@graph":[{"@type":"Article","@id":"https:\/\/colchonesvela.com\/blog\/consejos-de-mantenimiento\/como-lavar-edredon-nordico\/#article","isPartOf":{"@id":"https:\/\/colchonesvela.com\/blog\/consejos-de-mantenimiento\/como-lavar-edredon-nordico\/"},"author":{"name":"Info","@id":"https:\/\/colchonesvela.com\/blog\/#\/schema\/person\/ca9f6c0f518cdf83cf962b07109d52b6"},"headline":"C\u00f3mo lavar un edred\u00f3n n\u00f3rdico sin da\u00f1arlo (gu\u00eda completa)","datePublished":"2025-12-05T09:52:29+00:00","mainEntityOfPage":{"@id":"https:\/\/colchonesvela.com\/blog\/consejos-de-mantenimiento\/como-lavar-edredon-nordico\/"},"wordCount":817,"publisher":{"@id":"https:\/\/colchonesvela.com\/blog\/#organization"},"image":{"@id":"https:\/\/colchonesvela.com\/blog\/consejos-de-mantenimiento\/como-lavar-edredon-nordico\/#primaryimage"},"thumbnailUrl":"https:\/\/colchonesvela.com\/blog\/wp-content\/uploads\/2025\/12\/lavar-edredon-nordico.webp","articleSection":["Consejos de mantenimiento"],"inLanguage":"es"},{"@type":"WebPage","@id":"https:\/\/colchonesvela.com\/blog\/consejos-de-mantenimiento\/como-lavar-edredon-nordico\/","url":"https:\/\/colchonesvela.com\/blog\/consejos-de-mantenimiento\/como-lavar-edredon-nordico\/","name":"C\u00f3mo lavar un edred\u00f3n n\u00f3rdico sin da\u00f1arlo (gu\u00eda completa) - Colchones Vela","isPartOf":{"@id":"https:\/\/colchonesvela.com\/blog\/#website"},"primaryImageOfPage":{"@id":"https:\/\/colchonesvela.com\/blog\/consejos-de-mantenimiento\/como-lavar-edredon-nordico\/#primaryimage"},"image":{"@id":"https:\/\/colchonesvela.com\/blog\/consejos-de-mantenimiento\/como-lavar-edredon-nordico\/#primaryimage"},"thumbnailUrl":"https:\/\/colchonesvela.com\/blog\/wp-content\/uploads\/2025\/12\/lavar-edredon-nordico.webp","datePublished":"2025-12-05T09:52:29+00:00","description":"Aprende a lavar un edred\u00f3n n\u00f3rdico sin estropearlo, qu\u00e9 programa usar y qu\u00e9 gramaje elegir. Descubre c\u00f3mo llevarte un n\u00f3rdico gratis.","breadcrumb":{"@id":"https:\/\/colchonesvela.com\/blog\/consejos-de-mantenimiento\/como-lavar-edredon-nordico\/#breadcrumb"},"inLanguage":"es","potentialAction":[{"@type":"ReadAction","target":["https:\/\/colchonesvela.com\/blog\/consejos-de-mantenimiento\/como-lavar-edredon-nordico\/"]}]},{"@type":"ImageObject","inLanguage":"es","@id":"https:\/\/colchonesvela.com\/blog\/consejos-de-mantenimiento\/como-lavar-edredon-nordico\/#primaryimage","url":"https:\/\/colchonesvela.com\/blog\/wp-content\/uploads\/2025\/12\/lavar-edredon-nordico.webp","contentUrl":"https:\/\/colchonesvela.com\/blog\/wp-content\/uploads\/2025\/12\/lavar-edredon-nordico.webp","width":1280,"height":601,"caption":"descubre como lavar un edredon nordico"},{"@type":"BreadcrumbList","@id":"https:\/\/colchonesvela.com\/blog\/consejos-de-mantenimiento\/como-lavar-edredon-nordico\/#breadcrumb","itemListElement":[{"@type":"ListItem","position":1,"name":"Portada","item":"https:\/\/colchonesvela.com\/blog\/inicio\/"},{"@type":"ListItem","position":2,"name":"C\u00f3mo lavar un edred\u00f3n n\u00f3rdico sin da\u00f1arlo (gu\u00eda completa)"}]},{"@type":"WebSite","@id":"https:\/\/colchonesvela.com\/blog\/#website","url":"https:\/\/colchonesvela.com\/blog\/","name":"Colchones Vela","description":"Art\u00edculos para el descanso","publisher":{"@id":"https:\/\/colchonesvela.com\/blog\/#organization"},"potentialAction":[{"@type":"SearchAction","target":{"@type":"EntryPoint","urlTemplate":"https:\/\/colchonesvela.com\/blog\/?s={search_term_string}"},"query-input":{"@type":"PropertyValueSpecification","valueRequired":true,"valueName":"search_term_string"}}],"inLanguage":"es"},{"@type":"Organization","@id":"https:\/\/colchonesvela.com\/blog\/#organization","name":"Colchones Vela","url":"https:\/\/colchonesvela.com\/blog\/","logo":{"@type":"ImageObject","inLanguage":"es","@id":"https:\/\/colchonesvela.com\/blog\/#\/schema\/logo\/image\/","url":"https:\/\/colchonesvela.com\/blog\/wp-content\/uploads\/2021\/03\/vela-logo-11.png","contentUrl":"https:\/\/colchonesvela.com\/blog\/wp-content\/uploads\/2021\/03\/vela-logo-11.png","width":212,"height":140,"caption":"Colchones Vela"},"image":{"@id":"https:\/\/colchonesvela.com\/blog\/#\/schema\/logo\/image\/"},"sameAs":["https:\/\/www.instagram.com\/colchonesvela\/"]},{"@type":"Person","@id":"https:\/\/colchonesvela.com\/blog\/#\/schema\/person\/ca9f6c0f518cdf83cf962b07109d52b6","name":"Info","image":{"@type":"ImageObject","inLanguage":"es","@id":"https:\/\/secure.gravatar.com\/avatar\/86a0a5d2b5db6b377c70d59e76f6817e76e8f191f06840c42a37bc1aa424ac3d?s=96&d=mm&r=g","url":"https:\/\/secure.gravatar.com\/avatar\/86a0a5d2b5db6b377c70d59e76f6817e76e8f191f06840c42a37bc1aa424ac3d?s=96&d=mm&r=g","contentUrl":"https:\/\/secure.gravatar.com\/avatar\/86a0a5d2b5db6b377c70d59e76f6817e76e8f191f06840c42a37bc1aa424ac3d?s=96&d=mm&r=g","caption":"Info"}}]}},"_links":{"self":[{"href":"https:\/\/colchonesvela.com\/blog\/wp-json\/wp\/v2\/posts\/1447","targetHints":{"allow":["GET"]}}],"collection":[{"href":"https:\/\/colchonesvela.com\/blog\/wp-json\/wp\/v2\/posts"}],"about":[{"href":"https:\/\/colchonesvela.com\/blog\/wp-json\/wp\/v2\/types\/post"}],"author":[{"embeddable":true,"href":"https:\/\/colchonesvela.com\/blog\/wp-json\/wp\/v2\/users\/4"}],"replies":[{"embeddable":true,"href":"https:\/\/colchonesvela.com\/blog\/wp-json\/wp\/v2\/comments?post=1447"}],"version-history":[{"count":1,"href":"https:\/\/colchonesvela.com\/blog\/wp-json\/wp\/v2\/posts\/1447\/revisions"}],"predecessor-version":[{"id":1450,"href":"https:\/\/colchonesvela.com\/blog\/wp-json\/wp\/v2\/posts\/1447\/revisions\/1450"}],"wp:featuredmedia":[{"embeddable":true,"href":"https:\/\/colchonesvela.com\/blog\/wp-json\/wp\/v2\/media\/1448"}],"wp:attachment":[{"href":"https:\/\/colchonesvela.com\/blog\/wp-json\/wp\/v2\/media?parent=1447"}],"wp:term":[{"taxonomy":"category","embeddable":true,"href":"https:\/\/colchonesvela.com\/blog\/wp-json\/wp\/v2\/categories?post=1447"},{"taxonomy":"post_tag","embeddable":true,"href":"https:\/\/colchonesvela.com\/blog\/wp-json\/wp\/v2\/tags?post=1447"}],"curies":[{"name":"wp","href":"https:\/\/api.w.org\/{rel}","templated":true}]}}