{"id":1380,"date":"2025-10-10T09:04:03","date_gmt":"2025-10-10T09:04:03","guid":{"rendered":"https:\/\/colchonesvela.com\/blog\/?p=1380"},"modified":"2025-10-27T11:21:29","modified_gmt":"2025-10-27T11:21:29","slug":"tendencias-black-friday-descanso","status":"publish","type":"post","link":"https:\/\/colchonesvela.com\/blog\/consejos-de-compra\/tendencias-black-friday-descanso\/","title":{"rendered":"\u00bfCu\u00e1les ser\u00e1n las tendencias del Black Friday en el descanso?"},"content":{"rendered":"<p>El Black Friday 2025 ya est\u00e1 aqu\u00ed, y este a\u00f1o viene cargado de oportunidades para quienes buscan mejorar su descanso sin renunciar a la calidad. En Colchones Vela, sabemos que <strong>dormir bien no es un lujo, sino una inversi\u00f3n en salud y bienestar.<\/strong> Por eso, hemos preparado descuentos de hasta un <strong>70% en colchones, canap\u00e9s, somieres y almohadas<\/strong> durante todo el mes de noviembre.<\/p>\n<p>Estas son <strong>las tendencias del Black Friday<\/strong> que est\u00e1n marcando la diferencia en el mundo del descanso.<\/p>\n<h2>\u00bfQu\u00e9 ofertas destacar\u00e1n en Black Friday 2025?<\/h2>\n<h3>1. Colchones de alta gama<\/h3>\n<p>Los <strong>colchones de alta gama<\/strong> son los grandes protagonistas del Black Friday 2025. Cada vez m\u00e1s personas buscan modelos que combinen confort, tecnolog\u00eda y durabilidad, y en este terreno Flex vuelve a marcar tendencia.<\/p>\n<p>El <a href=\"https:\/\/colchonesvela.com\/colchones-muelles-ensacados\/57-colchon-flex-nimbus-visco.html\"><strong>Colch\u00f3n Flex Nimbus Visco<\/strong><\/a> se ha convertido en uno de los favoritos. Su n\u00facleo de muelles ensacados con <strong>tecnolog\u00eda Optigrade\u00ae<\/strong> <strong>regula la temperatura y reduce la humedad<\/strong> durante el sue\u00f1o, ofreciendo una sensaci\u00f3n de frescor y adaptabilidad perfecta. Disponible en medidas 135&#215;190 cm, 150&#215;190 cm y 180&#215;200 cm, es una elecci\u00f3n excelente para quienes buscan equilibrio entre firmeza y suavidad.<\/p>\n<p>Otra de las grandes apuestas es el <a href=\"https:\/\/colchonesvela.com\/colchones-muelles-ensacados\/218-colchon-palani-flex.html\"><strong>Colch\u00f3n Flex Palani,<\/strong><\/a> dise\u00f1ado con un <strong>sistema de muelles ensacados combinado con viscoel\u00e1stica de alta densidad.<\/strong> Su acolchado multipunto garantiza independencia de lechos, <strong>ideal para parejas<\/strong>. Es un modelo que destaca por su durabilidad y su capacidad para mantener una posici\u00f3n corporal correcta toda la noche.<\/p>\n<p><img decoding=\"async\" class=\" wp-image-1381 aligncenter\" src=\"https:\/\/colchonesvela.com\/blog\/wp-content\/uploads\/2025\/10\/colchones-black-friday-2025-300x141.webp\" alt=\"descuentos colchones alta gama black friday\" width=\"650\" height=\"306\" srcset=\"https:\/\/colchonesvela.com\/blog\/wp-content\/uploads\/2025\/10\/colchones-black-friday-2025-300x141.webp 300w, https:\/\/colchonesvela.com\/blog\/wp-content\/uploads\/2025\/10\/colchones-black-friday-2025-1030x484.webp 1030w, https:\/\/colchonesvela.com\/blog\/wp-content\/uploads\/2025\/10\/colchones-black-friday-2025-768x361.webp 768w, https:\/\/colchonesvela.com\/blog\/wp-content\/uploads\/2025\/10\/colchones-black-friday-2025-705x331.webp 705w, https:\/\/colchonesvela.com\/blog\/wp-content\/uploads\/2025\/10\/colchones-black-friday-2025.webp 1280w\" sizes=\"(max-width: 650px) 100vw, 650px\" \/><\/p>\n<h3>2. Canap\u00e9s abatibles<\/h3>\n<p>El <strong>canap\u00e9 abatible<\/strong> se consolida como la opci\u00f3n m\u00e1s inteligente para <strong>ganar espacio sin renunciar a la est\u00e9tica<\/strong>. Durante este Black Friday, los dise\u00f1os modernos y funcionales con gran capacidad interior son los m\u00e1s buscados.<\/p>\n<p>Entre ellos, el <a href=\"https:\/\/colchonesvela.com\/canape-abatible-lateral\/30-canape-abatible-lateral-25-de-flex.html\"><strong>Canap\u00e9 abatible lateral 25 de Flex,<\/strong><\/a> disponible en 90&#215;190 cm y 150&#215;190 cm, es perfecto para <strong>dormitorios juveniles o espacios reducidos<\/strong> gracias a su apertura lateral y a su estructura robusta.<\/p>\n<p>Y si hablamos de innovaci\u00f3n, <strong>los canap\u00e9s con zapatero integrado<\/strong> se han convertido en <strong>la tendencia m\u00e1s pr\u00e1ctica del a\u00f1o<\/strong>. Combina descanso y almacenaje con modelos como el <a href=\"https:\/\/colchonesvela.com\/canape-con-zapatero\/33-canape-con-zapatero-25-de-flex.html\"><strong>Canap\u00e9 abatible con zapatero Flex,<\/strong><\/a> que permite guardar calzado y ropa de temporada de forma organizada y accesible.<\/p>\n<h3>3. Somieres<\/h3>\n<p>En el Black Friday 2025, <strong>los somieres met\u00e1licos reforzados siguen siendo un cl\u00e1sico renovado.<\/strong> Son la base ideal para <strong>colchones viscoel\u00e1sticos,<\/strong> gracias a su firmeza y ventilaci\u00f3n.<\/p>\n<p>Modelos como el <a href=\"https:\/\/colchonesvela.com\/somier-de-laminas\/119-somier-laminas-flex-somiflex-f5.html\"><strong>somier de l\u00e1minas de Flex<\/strong><\/a>, en medidas 135&#215;190 cm, 150&#215;200 cm o 180&#215;200 cm, ofrecen una estructura met\u00e1lica s\u00f3lida y lamas de madera flexibles que favorecen la circulaci\u00f3n del aire. Su excelente <strong>relaci\u00f3n calidad-precio<\/strong> lo convierte en una de las mejores opciones para quienes <strong>buscan renovar su base sin complicaciones.<\/strong><\/p>\n<h3>4. Almohadas viscoel\u00e1sticas<\/h3>\n<p>Las almohadas viscoel\u00e1sticas ganan protagonismo este Black Friday por su capacidad para <strong>mejorar la calidad del sue\u00f1o sin grandes inversiones.<\/strong><\/p>\n<p>Las <a href=\"https:\/\/colchonesvela.com\/183-almohada-viscoelastica\"><strong>almohadas viscoel\u00e1sticas con Aloe Vera<\/strong><\/a> de Colchones Vela, disponibles en 70&#215;40 cm o 90&#215;40 cm, proporcionan una adaptaci\u00f3n ergon\u00f3mica que <strong>reduce la tensi\u00f3n cervical y favorece una postura correcta.<\/strong> Tambi\u00e9n destacan las almohadas de l\u00e1tex, una opci\u00f3n fresca y natural para quienes buscan firmeza y transpirabilidad.<\/p>\n<h3>5. Packs de colch\u00f3n y canap\u00e9: la compra estrella este Black Friday<\/h3>\n<p>Este a\u00f1o, los <strong>packs de colch\u00f3n y canap\u00e9 abatible<\/strong> son la elecci\u00f3n m\u00e1s pr\u00e1ctica y popular. Permiten <strong>renovar toda la cama de una vez,<\/strong> asegurando compatibilidad, ahorro y dise\u00f1o coordinado.<\/p>\n<p>Entre las ofertas m\u00e1s destacadas de Colchones Vela est\u00e1n:<\/p>\n<ul>\n<li><a href=\"https:\/\/colchonesvela.com\/ofertas-packs-cama-y-colchon\/179-pack-canape-y-colchon-flex-garbi-visco.html\"><strong>Pack canap\u00e9 y colch\u00f3n Flex Garb\u00ed Visco<\/strong><\/a>: una combinaci\u00f3n perfecta de firmeza, confort y almacenamiento. Ideal para quienes buscan <strong>calidad premium al mejor precio.<\/strong><\/li>\n<li><a href=\"https:\/\/colchonesvela.com\/ofertas-en-packs-de-colchon-y-canape\/236-pack-colchon-flex-nimbus-visco-canape-abatible-zapatero.html\"><strong>Pack colch\u00f3n Flex Nimbus Visco con canap\u00e9 abatible zapatero:<\/strong><\/a> la opci\u00f3n m\u00e1s completa del a\u00f1o, que <strong>une el confort del Nimbus con la funcionalidad del canap\u00e9 zapatero.<\/strong> Perfecta para dormitorios modernos donde cada cent\u00edmetro cuenta.<\/li>\n<\/ul>\n<p>Ambas opciones est\u00e1n disponibles en medidas 135&#215;190 cm, 150&#215;190 cm y 180&#215;200 cm, con descuentos de hasta el 70%.<\/p>\n<p><img decoding=\"async\" class=\"aligncenter wp-image-1382\" src=\"https:\/\/colchonesvela.com\/blog\/wp-content\/uploads\/2025\/10\/tendencias-black-friday-2025-300x141.webp\" alt=\"descubre las tendencias del black friday 2025 en Colchones Vela\" width=\"659\" height=\"310\" srcset=\"https:\/\/colchonesvela.com\/blog\/wp-content\/uploads\/2025\/10\/tendencias-black-friday-2025-300x141.webp 300w, https:\/\/colchonesvela.com\/blog\/wp-content\/uploads\/2025\/10\/tendencias-black-friday-2025-1030x484.webp 1030w, https:\/\/colchonesvela.com\/blog\/wp-content\/uploads\/2025\/10\/tendencias-black-friday-2025-768x361.webp 768w, https:\/\/colchonesvela.com\/blog\/wp-content\/uploads\/2025\/10\/tendencias-black-friday-2025-705x331.webp 705w, https:\/\/colchonesvela.com\/blog\/wp-content\/uploads\/2025\/10\/tendencias-black-friday-2025.webp 1280w\" sizes=\"(max-width: 659px) 100vw, 659px\" \/><\/p>\n<h2>\u00bfCu\u00e1nto duran las ofertas del Black Friday en descanso?<\/h2>\n<p>En Colchones Vela, <strong>el Black Friday dura todo noviembre.<\/strong> Durante todo el mes podr\u00e1s disfrutar de descuentos del 70%<strong> en colchones, canap\u00e9s, somieres y almohadas.<\/strong><\/p>\n<p>Aunque las promociones se extienden, los productos m\u00e1s demandados \u2014como <strong>los packs de colch\u00f3n y canap\u00e9 Flex<\/strong>\u2014 suelen agotarse r\u00e1pido. Nuestro consejo: no esperes al \u00faltimo d\u00eda para conseguir tu modelo favorito.<\/p>\n<h2>\u00bfPor qu\u00e9 aprovechar el Black Friday para renovar tu descanso?<\/h2>\n<p>El Black Friday es el mejor momento del a\u00f1o para invertir en tu bienestar:<\/p>\n<ul>\n<li><strong>Descuentos exclusivos<\/strong>: hasta un 70% en las principales marcas del descanso.<\/li>\n<li><strong>Productos de alta gama<\/strong> al alcance de todos los bolsillos.<\/li>\n<li><strong>Soluciones completas<\/strong> que combinan dise\u00f1o, confort y funcionalidad.<\/li>\n<li><strong>Garant\u00eda Colchones Vela<\/strong>: asesoramiento experto, entrega r\u00e1pida y la confianza de una tienda con a\u00f1os de experiencia en Zaragoza.<\/li>\n<\/ul>\n<p>Dormir bien mejora tu salud, tu energ\u00eda y tu d\u00eda a d\u00eda. Y este mes de noviembre, hacerlo posible est\u00e1 m\u00e1s f\u00e1cil que nunca.<\/p>\n<h2>Comprar colchones, canap\u00e9s y packs Black Friday en Colchones Vela<\/h2>\n<p><strong>Las tendencias del Black Friday 2025 en descanso lo confirman<\/strong>: los packs de colch\u00f3n y canap\u00e9, los colchones de alta gama y las almohadas viscoel\u00e1sticas son los reyes de la temporada. Con descuentos de hasta el 70%, es el momento perfecto para renovar tu descanso y transformar tu dormitorio.<\/p>\n<p>Descubre todas las ofertas de <strong><a href=\"https:\/\/colchonesvela.com\/contenido\/25-black-friday-de-camas-2025\">Black Friday en Colchones Vela<\/a><\/strong> y duerme como mereces, al mejor precio del a\u00f1o.<\/p>\n","protected":false},"excerpt":{"rendered":"<p>El Black Friday 2025 ya est\u00e1 aqu\u00ed, y este a\u00f1o viene cargado de oportunidades para quienes buscan mejorar su descanso sin renunciar a la calidad. En Colchones Vela, sabemos que dormir bien no es un lujo, sino una inversi\u00f3n en salud y bienestar. Por eso, hemos preparado descuentos de hasta un 70% en colchones, canap\u00e9s, [&hellip;]<\/p>\n","protected":false},"author":4,"featured_media":1413,"comment_status":"closed","ping_status":"closed","sticky":false,"template":"","format":"standard","meta":{"footnotes":""},"categories":[3],"tags":[18,20,28,13],"class_list":["post-1380","post","type-post","status-publish","format-standard","has-post-thumbnail","hentry","category-consejos-de-compra","tag-almohada","tag-black-friday","tag-canape-abatible","tag-colchones"],"yoast_head":"<!-- This site is optimized with the Yoast SEO Premium plugin v24.8 (Yoast SEO v27.4) - https:\/\/yoast.com\/product\/yoast-seo-premium-wordpress\/ -->\n<title>\u00bfCu\u00e1les ser\u00e1n las tendencias del Black Friday en el descanso? - Colchones Vela<\/title>\n<meta name=\"description\" content=\"Descubre las tendencias del Black Friday 2025 en descanso: colchones, canap\u00e9s y packs con descuento en Colchones Vela.\" \/>\n<meta name=\"robots\" content=\"index, follow, max-snippet:-1, max-image-preview:large, max-video-preview:-1\" \/>\n<link rel=\"canonical\" href=\"https:\/\/colchonesvela.com\/blog\/consejos-de-compra\/tendencias-black-friday-descanso\/\" \/>\n<meta property=\"og:locale\" content=\"es_ES\" \/>\n<meta property=\"og:type\" content=\"article\" \/>\n<meta property=\"og:title\" content=\"\u00bfCu\u00e1les ser\u00e1n las tendencias del Black Friday en el descanso?\" \/>\n<meta property=\"og:description\" content=\"Descubre las tendencias del Black Friday 2025 en descanso: colchones, canap\u00e9s y packs con descuento en Colchones Vela.\" \/>\n<meta property=\"og:url\" content=\"https:\/\/colchonesvela.com\/blog\/consejos-de-compra\/tendencias-black-friday-descanso\/\" \/>\n<meta property=\"og:site_name\" content=\"Colchones Vela\" \/>\n<meta property=\"article:published_time\" content=\"2025-10-10T09:04:03+00:00\" \/>\n<meta property=\"article:modified_time\" content=\"2025-10-27T11:21:29+00:00\" \/>\n<meta property=\"og:image\" content=\"https:\/\/colchonesvela.com\/blog\/wp-content\/uploads\/2025\/10\/Tendencias-Black-Friday.webp\" \/>\n\t<meta property=\"og:image:width\" content=\"1280\" \/>\n\t<meta property=\"og:image:height\" content=\"601\" \/>\n\t<meta property=\"og:image:type\" content=\"image\/webp\" \/>\n<meta name=\"author\" content=\"Info\" \/>\n<meta name=\"twitter:card\" content=\"summary_large_image\" \/>\n<meta name=\"twitter:label1\" content=\"Escrito por\" \/>\n\t<meta name=\"twitter:data1\" content=\"Info\" \/>\n\t<meta name=\"twitter:label2\" content=\"Tiempo de lectura\" \/>\n\t<meta name=\"twitter:data2\" content=\"5 minutos\" \/>\n<script type=\"application\/ld+json\" class=\"yoast-schema-graph\">{\"@context\":\"https:\\\/\\\/schema.org\",\"@graph\":[{\"@type\":\"Article\",\"@id\":\"https:\\\/\\\/colchonesvela.com\\\/blog\\\/consejos-de-compra\\\/tendencias-black-friday-descanso\\\/#article\",\"isPartOf\":{\"@id\":\"https:\\\/\\\/colchonesvela.com\\\/blog\\\/consejos-de-compra\\\/tendencias-black-friday-descanso\\\/\"},\"author\":{\"name\":\"Info\",\"@id\":\"https:\\\/\\\/colchonesvela.com\\\/blog\\\/#\\\/schema\\\/person\\\/ca9f6c0f518cdf83cf962b07109d52b6\"},\"headline\":\"\u00bfCu\u00e1les ser\u00e1n las tendencias del Black Friday en el descanso?\",\"datePublished\":\"2025-10-10T09:04:03+00:00\",\"dateModified\":\"2025-10-27T11:21:29+00:00\",\"mainEntityOfPage\":{\"@id\":\"https:\\\/\\\/colchonesvela.com\\\/blog\\\/consejos-de-compra\\\/tendencias-black-friday-descanso\\\/\"},\"wordCount\":961,\"publisher\":{\"@id\":\"https:\\\/\\\/colchonesvela.com\\\/blog\\\/#organization\"},\"image\":{\"@id\":\"https:\\\/\\\/colchonesvela.com\\\/blog\\\/consejos-de-compra\\\/tendencias-black-friday-descanso\\\/#primaryimage\"},\"thumbnailUrl\":\"https:\\\/\\\/colchonesvela.com\\\/blog\\\/wp-content\\\/uploads\\\/2025\\\/10\\\/Tendencias-Black-Friday.webp\",\"keywords\":[\"almohada\",\"black friday\",\"canap\u00e9 abatible\",\"colchones\"],\"articleSection\":[\"Consejos de compra\"],\"inLanguage\":\"es\"},{\"@type\":\"WebPage\",\"@id\":\"https:\\\/\\\/colchonesvela.com\\\/blog\\\/consejos-de-compra\\\/tendencias-black-friday-descanso\\\/\",\"url\":\"https:\\\/\\\/colchonesvela.com\\\/blog\\\/consejos-de-compra\\\/tendencias-black-friday-descanso\\\/\",\"name\":\"\u00bfCu\u00e1les ser\u00e1n las tendencias del Black Friday en el descanso? - Colchones Vela\",\"isPartOf\":{\"@id\":\"https:\\\/\\\/colchonesvela.com\\\/blog\\\/#website\"},\"primaryImageOfPage\":{\"@id\":\"https:\\\/\\\/colchonesvela.com\\\/blog\\\/consejos-de-compra\\\/tendencias-black-friday-descanso\\\/#primaryimage\"},\"image\":{\"@id\":\"https:\\\/\\\/colchonesvela.com\\\/blog\\\/consejos-de-compra\\\/tendencias-black-friday-descanso\\\/#primaryimage\"},\"thumbnailUrl\":\"https:\\\/\\\/colchonesvela.com\\\/blog\\\/wp-content\\\/uploads\\\/2025\\\/10\\\/Tendencias-Black-Friday.webp\",\"datePublished\":\"2025-10-10T09:04:03+00:00\",\"dateModified\":\"2025-10-27T11:21:29+00:00\",\"description\":\"Descubre las tendencias del Black Friday 2025 en descanso: colchones, canap\u00e9s y packs con descuento en Colchones Vela.\",\"breadcrumb\":{\"@id\":\"https:\\\/\\\/colchonesvela.com\\\/blog\\\/consejos-de-compra\\\/tendencias-black-friday-descanso\\\/#breadcrumb\"},\"inLanguage\":\"es\",\"potentialAction\":[{\"@type\":\"ReadAction\",\"target\":[\"https:\\\/\\\/colchonesvela.com\\\/blog\\\/consejos-de-compra\\\/tendencias-black-friday-descanso\\\/\"]}]},{\"@type\":\"ImageObject\",\"inLanguage\":\"es\",\"@id\":\"https:\\\/\\\/colchonesvela.com\\\/blog\\\/consejos-de-compra\\\/tendencias-black-friday-descanso\\\/#primaryimage\",\"url\":\"https:\\\/\\\/colchonesvela.com\\\/blog\\\/wp-content\\\/uploads\\\/2025\\\/10\\\/Tendencias-Black-Friday.webp\",\"contentUrl\":\"https:\\\/\\\/colchonesvela.com\\\/blog\\\/wp-content\\\/uploads\\\/2025\\\/10\\\/Tendencias-Black-Friday.webp\",\"width\":1280,\"height\":601,\"caption\":\"Cuales son las tendencias de Black Friday\"},{\"@type\":\"BreadcrumbList\",\"@id\":\"https:\\\/\\\/colchonesvela.com\\\/blog\\\/consejos-de-compra\\\/tendencias-black-friday-descanso\\\/#breadcrumb\",\"itemListElement\":[{\"@type\":\"ListItem\",\"position\":1,\"name\":\"Portada\",\"item\":\"https:\\\/\\\/colchonesvela.com\\\/blog\\\/inicio\\\/\"},{\"@type\":\"ListItem\",\"position\":2,\"name\":\"\u00bfCu\u00e1les ser\u00e1n las tendencias del Black Friday en el descanso?\"}]},{\"@type\":\"WebSite\",\"@id\":\"https:\\\/\\\/colchonesvela.com\\\/blog\\\/#website\",\"url\":\"https:\\\/\\\/colchonesvela.com\\\/blog\\\/\",\"name\":\"Colchones Vela\",\"description\":\"Art\u00edculos para el descanso\",\"publisher\":{\"@id\":\"https:\\\/\\\/colchonesvela.com\\\/blog\\\/#organization\"},\"potentialAction\":[{\"@type\":\"SearchAction\",\"target\":{\"@type\":\"EntryPoint\",\"urlTemplate\":\"https:\\\/\\\/colchonesvela.com\\\/blog\\\/?s={search_term_string}\"},\"query-input\":{\"@type\":\"PropertyValueSpecification\",\"valueRequired\":true,\"valueName\":\"search_term_string\"}}],\"inLanguage\":\"es\"},{\"@type\":\"Organization\",\"@id\":\"https:\\\/\\\/colchonesvela.com\\\/blog\\\/#organization\",\"name\":\"Colchones Vela\",\"url\":\"https:\\\/\\\/colchonesvela.com\\\/blog\\\/\",\"logo\":{\"@type\":\"ImageObject\",\"inLanguage\":\"es\",\"@id\":\"https:\\\/\\\/colchonesvela.com\\\/blog\\\/#\\\/schema\\\/logo\\\/image\\\/\",\"url\":\"https:\\\/\\\/colchonesvela.com\\\/blog\\\/wp-content\\\/uploads\\\/2021\\\/03\\\/vela-logo-11.png\",\"contentUrl\":\"https:\\\/\\\/colchonesvela.com\\\/blog\\\/wp-content\\\/uploads\\\/2021\\\/03\\\/vela-logo-11.png\",\"width\":212,\"height\":140,\"caption\":\"Colchones Vela\"},\"image\":{\"@id\":\"https:\\\/\\\/colchonesvela.com\\\/blog\\\/#\\\/schema\\\/logo\\\/image\\\/\"},\"sameAs\":[\"https:\\\/\\\/www.instagram.com\\\/colchonesvela\\\/\"]},{\"@type\":\"Person\",\"@id\":\"https:\\\/\\\/colchonesvela.com\\\/blog\\\/#\\\/schema\\\/person\\\/ca9f6c0f518cdf83cf962b07109d52b6\",\"name\":\"Info\",\"image\":{\"@type\":\"ImageObject\",\"inLanguage\":\"es\",\"@id\":\"https:\\\/\\\/secure.gravatar.com\\\/avatar\\\/86a0a5d2b5db6b377c70d59e76f6817e76e8f191f06840c42a37bc1aa424ac3d?s=96&d=mm&r=g\",\"url\":\"https:\\\/\\\/secure.gravatar.com\\\/avatar\\\/86a0a5d2b5db6b377c70d59e76f6817e76e8f191f06840c42a37bc1aa424ac3d?s=96&d=mm&r=g\",\"contentUrl\":\"https:\\\/\\\/secure.gravatar.com\\\/avatar\\\/86a0a5d2b5db6b377c70d59e76f6817e76e8f191f06840c42a37bc1aa424ac3d?s=96&d=mm&r=g\",\"caption\":\"Info\"}}]}<\/script>\n<!-- \/ Yoast SEO Premium plugin. -->","yoast_head_json":{"title":"\u00bfCu\u00e1les ser\u00e1n las tendencias del Black Friday en el descanso? - Colchones Vela","description":"Descubre las tendencias del Black Friday 2025 en descanso: colchones, canap\u00e9s y packs con descuento en Colchones Vela.","robots":{"index":"index","follow":"follow","max-snippet":"max-snippet:-1","max-image-preview":"max-image-preview:large","max-video-preview":"max-video-preview:-1"},"canonical":"https:\/\/colchonesvela.com\/blog\/consejos-de-compra\/tendencias-black-friday-descanso\/","og_locale":"es_ES","og_type":"article","og_title":"\u00bfCu\u00e1les ser\u00e1n las tendencias del Black Friday en el descanso?","og_description":"Descubre las tendencias del Black Friday 2025 en descanso: colchones, canap\u00e9s y packs con descuento en Colchones Vela.","og_url":"https:\/\/colchonesvela.com\/blog\/consejos-de-compra\/tendencias-black-friday-descanso\/","og_site_name":"Colchones Vela","article_published_time":"2025-10-10T09:04:03+00:00","article_modified_time":"2025-10-27T11:21:29+00:00","og_image":[{"width":1280,"height":601,"url":"https:\/\/colchonesvela.com\/blog\/wp-content\/uploads\/2025\/10\/Tendencias-Black-Friday.webp","type":"image\/webp"}],"author":"Info","twitter_card":"summary_large_image","twitter_misc":{"Escrito por":"Info","Tiempo de lectura":"5 minutos"},"schema":{"@context":"https:\/\/schema.org","@graph":[{"@type":"Article","@id":"https:\/\/colchonesvela.com\/blog\/consejos-de-compra\/tendencias-black-friday-descanso\/#article","isPartOf":{"@id":"https:\/\/colchonesvela.com\/blog\/consejos-de-compra\/tendencias-black-friday-descanso\/"},"author":{"name":"Info","@id":"https:\/\/colchonesvela.com\/blog\/#\/schema\/person\/ca9f6c0f518cdf83cf962b07109d52b6"},"headline":"\u00bfCu\u00e1les ser\u00e1n las tendencias del Black Friday en el descanso?","datePublished":"2025-10-10T09:04:03+00:00","dateModified":"2025-10-27T11:21:29+00:00","mainEntityOfPage":{"@id":"https:\/\/colchonesvela.com\/blog\/consejos-de-compra\/tendencias-black-friday-descanso\/"},"wordCount":961,"publisher":{"@id":"https:\/\/colchonesvela.com\/blog\/#organization"},"image":{"@id":"https:\/\/colchonesvela.com\/blog\/consejos-de-compra\/tendencias-black-friday-descanso\/#primaryimage"},"thumbnailUrl":"https:\/\/colchonesvela.com\/blog\/wp-content\/uploads\/2025\/10\/Tendencias-Black-Friday.webp","keywords":["almohada","black friday","canap\u00e9 abatible","colchones"],"articleSection":["Consejos de compra"],"inLanguage":"es"},{"@type":"WebPage","@id":"https:\/\/colchonesvela.com\/blog\/consejos-de-compra\/tendencias-black-friday-descanso\/","url":"https:\/\/colchonesvela.com\/blog\/consejos-de-compra\/tendencias-black-friday-descanso\/","name":"\u00bfCu\u00e1les ser\u00e1n las tendencias del Black Friday en el descanso? - Colchones Vela","isPartOf":{"@id":"https:\/\/colchonesvela.com\/blog\/#website"},"primaryImageOfPage":{"@id":"https:\/\/colchonesvela.com\/blog\/consejos-de-compra\/tendencias-black-friday-descanso\/#primaryimage"},"image":{"@id":"https:\/\/colchonesvela.com\/blog\/consejos-de-compra\/tendencias-black-friday-descanso\/#primaryimage"},"thumbnailUrl":"https:\/\/colchonesvela.com\/blog\/wp-content\/uploads\/2025\/10\/Tendencias-Black-Friday.webp","datePublished":"2025-10-10T09:04:03+00:00","dateModified":"2025-10-27T11:21:29+00:00","description":"Descubre las tendencias del Black Friday 2025 en descanso: colchones, canap\u00e9s y packs con descuento en Colchones Vela.","breadcrumb":{"@id":"https:\/\/colchonesvela.com\/blog\/consejos-de-compra\/tendencias-black-friday-descanso\/#breadcrumb"},"inLanguage":"es","potentialAction":[{"@type":"ReadAction","target":["https:\/\/colchonesvela.com\/blog\/consejos-de-compra\/tendencias-black-friday-descanso\/"]}]},{"@type":"ImageObject","inLanguage":"es","@id":"https:\/\/colchonesvela.com\/blog\/consejos-de-compra\/tendencias-black-friday-descanso\/#primaryimage","url":"https:\/\/colchonesvela.com\/blog\/wp-content\/uploads\/2025\/10\/Tendencias-Black-Friday.webp","contentUrl":"https:\/\/colchonesvela.com\/blog\/wp-content\/uploads\/2025\/10\/Tendencias-Black-Friday.webp","width":1280,"height":601,"caption":"Cuales son las tendencias de Black Friday"},{"@type":"BreadcrumbList","@id":"https:\/\/colchonesvela.com\/blog\/consejos-de-compra\/tendencias-black-friday-descanso\/#breadcrumb","itemListElement":[{"@type":"ListItem","position":1,"name":"Portada","item":"https:\/\/colchonesvela.com\/blog\/inicio\/"},{"@type":"ListItem","position":2,"name":"\u00bfCu\u00e1les ser\u00e1n las tendencias del Black Friday en el descanso?"}]},{"@type":"WebSite","@id":"https:\/\/colchonesvela.com\/blog\/#website","url":"https:\/\/colchonesvela.com\/blog\/","name":"Colchones Vela","description":"Art\u00edculos para el descanso","publisher":{"@id":"https:\/\/colchonesvela.com\/blog\/#organization"},"potentialAction":[{"@type":"SearchAction","target":{"@type":"EntryPoint","urlTemplate":"https:\/\/colchonesvela.com\/blog\/?s={search_term_string}"},"query-input":{"@type":"PropertyValueSpecification","valueRequired":true,"valueName":"search_term_string"}}],"inLanguage":"es"},{"@type":"Organization","@id":"https:\/\/colchonesvela.com\/blog\/#organization","name":"Colchones Vela","url":"https:\/\/colchonesvela.com\/blog\/","logo":{"@type":"ImageObject","inLanguage":"es","@id":"https:\/\/colchonesvela.com\/blog\/#\/schema\/logo\/image\/","url":"https:\/\/colchonesvela.com\/blog\/wp-content\/uploads\/2021\/03\/vela-logo-11.png","contentUrl":"https:\/\/colchonesvela.com\/blog\/wp-content\/uploads\/2021\/03\/vela-logo-11.png","width":212,"height":140,"caption":"Colchones Vela"},"image":{"@id":"https:\/\/colchonesvela.com\/blog\/#\/schema\/logo\/image\/"},"sameAs":["https:\/\/www.instagram.com\/colchonesvela\/"]},{"@type":"Person","@id":"https:\/\/colchonesvela.com\/blog\/#\/schema\/person\/ca9f6c0f518cdf83cf962b07109d52b6","name":"Info","image":{"@type":"ImageObject","inLanguage":"es","@id":"https:\/\/secure.gravatar.com\/avatar\/86a0a5d2b5db6b377c70d59e76f6817e76e8f191f06840c42a37bc1aa424ac3d?s=96&d=mm&r=g","url":"https:\/\/secure.gravatar.com\/avatar\/86a0a5d2b5db6b377c70d59e76f6817e76e8f191f06840c42a37bc1aa424ac3d?s=96&d=mm&r=g","contentUrl":"https:\/\/secure.gravatar.com\/avatar\/86a0a5d2b5db6b377c70d59e76f6817e76e8f191f06840c42a37bc1aa424ac3d?s=96&d=mm&r=g","caption":"Info"}}]}},"_links":{"self":[{"href":"https:\/\/colchonesvela.com\/blog\/wp-json\/wp\/v2\/posts\/1380","targetHints":{"allow":["GET"]}}],"collection":[{"href":"https:\/\/colchonesvela.com\/blog\/wp-json\/wp\/v2\/posts"}],"about":[{"href":"https:\/\/colchonesvela.com\/blog\/wp-json\/wp\/v2\/types\/post"}],"author":[{"embeddable":true,"href":"https:\/\/colchonesvela.com\/blog\/wp-json\/wp\/v2\/users\/4"}],"replies":[{"embeddable":true,"href":"https:\/\/colchonesvela.com\/blog\/wp-json\/wp\/v2\/comments?post=1380"}],"version-history":[{"count":1,"href":"https:\/\/colchonesvela.com\/blog\/wp-json\/wp\/v2\/posts\/1380\/revisions"}],"predecessor-version":[{"id":1383,"href":"https:\/\/colchonesvela.com\/blog\/wp-json\/wp\/v2\/posts\/1380\/revisions\/1383"}],"wp:featuredmedia":[{"embeddable":true,"href":"https:\/\/colchonesvela.com\/blog\/wp-json\/wp\/v2\/media\/1413"}],"wp:attachment":[{"href":"https:\/\/colchonesvela.com\/blog\/wp-json\/wp\/v2\/media?parent=1380"}],"wp:term":[{"taxonomy":"category","embeddable":true,"href":"https:\/\/colchonesvela.com\/blog\/wp-json\/wp\/v2\/categories?post=1380"},{"taxonomy":"post_tag","embeddable":true,"href":"https:\/\/colchonesvela.com\/blog\/wp-json\/wp\/v2\/tags?post=1380"}],"curies":[{"name":"wp","href":"https:\/\/api.w.org\/{rel}","templated":true}]}}