{"id":1355,"date":"2025-09-09T06:58:19","date_gmt":"2025-09-09T06:58:19","guid":{"rendered":"https:\/\/colchonesvela.com\/blog\/?p=1355"},"modified":"2026-04-29T09:14:23","modified_gmt":"2026-04-29T09:14:23","slug":"como-organizar-el-espacio-de-tu-canape-abatible-consejos-para-aprovecharlo-al-maximo","status":"publish","type":"post","link":"https:\/\/colchonesvela.com\/blog\/canape\/como-organizar-el-espacio-de-tu-canape-abatible-consejos-para-aprovecharlo-al-maximo\/","title":{"rendered":"C\u00f3mo organizar el espacio de tu canap\u00e9 abatible: consejos para aprovecharlo al m\u00e1ximo"},"content":{"rendered":"<p><span style=\"font-weight: 400;\">El <\/span><b>canap\u00e9 abatible<\/b><span style=\"font-weight: 400;\"> es uno de los muebles m\u00e1s pr\u00e1cticos y vers\u00e1tiles que puedes tener en tu dormitorio. No solo proporciona una base estable y confortable para tu colch\u00f3n, sino que tambi\u00e9n <\/span><b>te regala un espacio de almacenaje oculto<\/b><span style=\"font-weight: 400;\"> que puede marcar una gran diferencia en el orden y funcionalidad de tu habitaci\u00f3n.<\/span><\/p>\n<p><span style=\"font-weight: 400;\">Pero, \u00bfrealmente est\u00e1s aprovechando todo su potencial? Hoy te damos las mejores ideas para <\/span><b>organizar el espacio interior de tu canap\u00e9 abatible<\/b><span style=\"font-weight: 400;\"> de forma eficiente, accesible y sin complicaciones.<\/span><\/p>\n<h2><b>\u00bfPor qu\u00e9 elegir un canap\u00e9 abatible?<\/b><\/h2>\n<p><span style=\"font-weight: 400;\">Antes de entrar en materia, es importante recordar por qu\u00e9 el <\/span><b>canap\u00e9 abatible<\/b><span style=\"font-weight: 400;\"> es una de las opciones m\u00e1s recomendadas para ganar espacio en casa:<\/span><\/p>\n<ul>\n<li style=\"font-weight: 400;\" aria-level=\"1\"><span style=\"font-weight: 400;\">Ofrece <\/span><b>almacenaje oculto<\/b><span style=\"font-weight: 400;\"> y discreto.<\/span><\/li>\n<li style=\"font-weight: 400;\" aria-level=\"1\"><span style=\"font-weight: 400;\">Es ideal para <\/span><b>habitaciones peque\u00f1as<\/b><span style=\"font-weight: 400;\"> o sin armarios suficientes.<\/span><\/li>\n<li style=\"font-weight: 400;\" aria-level=\"1\"><span style=\"font-weight: 400;\">Ayuda a <\/span><b>mantener el orden<\/b><span style=\"font-weight: 400;\">.<\/span><\/li>\n<li style=\"font-weight: 400;\" aria-level=\"1\"><span style=\"font-weight: 400;\">Es compatible con la mayor\u00eda de colchones del mercado.<\/span><\/li>\n<\/ul>\n<p><span style=\"font-weight: 400;\">En <\/span><b>Colchones Vela<\/b><span style=\"font-weight: 400;\"> dispones de una cuidada selecci\u00f3n de modelos como el <\/span><a href=\"https:\/\/colchonesvela.com\/30-canape-abatible-lateral-25-de-flex.html\"><b>canap\u00e9 abatible lateral 25 de Flex<\/b><\/a><span style=\"font-weight: 400;\">, ideal para dormitorios juveniles o con espacio reducido.<\/span><\/p>\n<h2><b>C\u00f3mo organizar el interior de tu canap\u00e9 abatible paso a paso<\/b><\/h2>\n<h3><b>1. Clasifica por tipo y frecuencia de uso<\/b><\/h3>\n<p><span style=\"font-weight: 400;\">El primer paso para mantener tu canap\u00e9 organizado es separar lo que vas a guardar seg\u00fan <\/span><b>qu\u00e9 es<\/b><span style=\"font-weight: 400;\"> y <\/span><b>con qu\u00e9 frecuencia lo utilizas<\/b><span style=\"font-weight: 400;\">. Un buen esquema de organizaci\u00f3n podr\u00eda ser:<\/span><\/p>\n<ul>\n<li style=\"font-weight: 400;\" aria-level=\"1\"><b>Ropa de cama de temporada<\/b><span style=\"font-weight: 400;\"> (edredones, mantas, s\u00e1banas de invierno\/verano).<\/span><\/li>\n<li style=\"font-weight: 400;\" aria-level=\"1\"><b>Maletas y bolsos de viaje.<\/b><\/li>\n<li style=\"font-weight: 400;\" aria-level=\"1\"><b>Zapatos de uso espor\u00e1dico o cambio de temporada.<\/b><\/li>\n<li style=\"font-weight: 400;\" aria-level=\"1\"><b>Ropa fuera de estaci\u00f3n.<\/b><\/li>\n<li style=\"font-weight: 400;\" aria-level=\"1\"><b>Juguetes, recuerdos o material deportivo.<\/b><\/li>\n<\/ul>\n<p><i><span style=\"font-weight: 400;\">Consejo pr\u00e1ctico:<\/span><\/i><span style=\"font-weight: 400;\"> Coloca los objetos de uso poco frecuente al fondo o en los laterales del canap\u00e9, y deja lo m\u00e1s accesible cerca del borde de apertura.<\/span><\/p>\n<h3><b>2. Usa bolsas de almacenaje al vac\u00edo<\/b><\/h3>\n<p><span style=\"font-weight: 400;\">Este tipo de bolsas te permite <\/span><b>reducir el volumen de textiles hasta un 70\u2009%<\/b><span style=\"font-weight: 400;\">. Son perfectas para guardar edredones, n\u00f3rdicos o ropa voluminosa sin ocupar demasiado espacio. Adem\u00e1s, <\/span><b>protegen del polvo y la humedad<\/b><span style=\"font-weight: 400;\">.<\/span><\/p>\n<h3><b>3. Apuesta por cajas o cestos organizadores<\/b><\/h3>\n<p><span style=\"font-weight: 400;\">No subestimes el poder de una buena caja de almacenaje. Elige modelos apilables o con ruedas si tu canap\u00e9 lo permite. Puedes agrupar objetos similares y etiquetar cada caja para saber r\u00e1pidamente lo que contiene.<\/span><\/p>\n<h3><b>4. Piensa en vertical: aprovecha toda la altura interior<\/b><\/h3>\n<p><span style=\"font-weight: 400;\">Muchos canap\u00e9s abatibles tienen m\u00e1s profundidad de la que se suele aprovechar. Agrupa y apila inteligentemente con separadores o estructuras modulares de cart\u00f3n o tela. <\/span><b>Maximiza el espacio sin generar caos<\/b><span style=\"font-weight: 400;\">.<\/span><\/p>\n<h2><b>\u00bfQu\u00e9 tipo de canap\u00e9 abatible es mejor para organizar?<\/b><\/h2>\n<p><span style=\"font-weight: 400;\">En <\/span><b>Colchones Vela<\/b><span style=\"font-weight: 400;\">, recomendamos varios modelos seg\u00fan el espacio disponible y tus necesidades:<\/span><\/p>\n<h3><b>Canap\u00e9 abatible lateral 25 de Flex<\/b><\/h3>\n<ul>\n<li style=\"font-weight: 400;\" aria-level=\"1\"><span style=\"font-weight: 400;\">Apertura desde el lateral, ideal para habitaciones estrechas.<\/span><\/li>\n<li style=\"font-weight: 400;\" aria-level=\"1\"><span style=\"font-weight: 400;\">Gran capacidad de almacenaje.<\/span><\/li>\n<li style=\"font-weight: 400;\" aria-level=\"1\"><span style=\"font-weight: 400;\">Apertura silenciosa y segura.<\/span><\/li>\n<li style=\"font-weight: 400;\" aria-level=\"1\"><span style=\"font-weight: 400;\">Compatible con colchones infantiles, juveniles y de adulto.<\/span><\/li>\n<\/ul>\n<p><span style=\"font-weight: 400;\">\ud83d\udc49<\/span><a href=\"https:\/\/colchonesvela.com\/30-canape-abatible-lateral-25-de-flex.html\"> <span style=\"font-weight: 400;\">Ver producto<\/span><\/a><\/p>\n<h3><b>Canap\u00e9 abatible Flex Madera<\/b><\/h3>\n<ul>\n<li style=\"font-weight: 400;\" aria-level=\"1\"><span style=\"font-weight: 400;\">Dise\u00f1o elegante y robusto.<\/span><\/li>\n<li style=\"font-weight: 400;\" aria-level=\"1\"><span style=\"font-weight: 400;\">Apertura frontal tradicional.<\/span><\/li>\n<li style=\"font-weight: 400;\" aria-level=\"1\"><span style=\"font-weight: 400;\">Acabados personalizables para adaptarse a cualquier estilo de dormitorio.<\/span><\/li>\n<\/ul>\n<p><span style=\"font-weight: 400;\">\ud83d\udc49 <\/span><a href=\"https:\/\/colchonesvela.com\/82-tipos-de-canapes\"><span style=\"font-weight: 400;\">Ver todos los canap\u00e9s abatibles<\/span><\/a><\/p>\n<h2><b>Consejos extra para mantener el orden a largo plazo<\/b><\/h2>\n<ul>\n<li style=\"font-weight: 400;\" aria-level=\"1\"><b>Revisa el contenido cada 6 meses<\/b><span style=\"font-weight: 400;\">: cambia ropa de cama y haz limpieza de objetos innecesarios.<\/span><\/li>\n<li style=\"font-weight: 400;\" aria-level=\"1\"><b>Evita sobrecargarlo<\/b><span style=\"font-weight: 400;\">: respeta el peso recomendado por el fabricante.<\/span><\/li>\n<li style=\"font-weight: 400;\" aria-level=\"1\"><b>Ventila el canap\u00e9 de vez en cuando<\/b><span style=\"font-weight: 400;\"> para evitar acumulaci\u00f3n de humedad.<\/span><\/li>\n<li style=\"font-weight: 400;\" aria-level=\"1\"><b>Limpia el interior con un pa\u00f1o h\u00famedo<\/b><span style=\"font-weight: 400;\"> antes de cada cambio de temporada.<\/span><\/li>\n<\/ul>\n<h2><b>Aprovecha el cambio de estaci\u00f3n para reorganizar<\/b><\/h2>\n<p><span style=\"font-weight: 400;\">Septiembre es un mes ideal para reorganizar tu dormitorio: la vuelta al cole, el cambio de temperatura y la rutina te piden orden. <\/span><b>Un canap\u00e9 abatible bien organizado te ahorra tiempo y espacio<\/b><span style=\"font-weight: 400;\"> en el d\u00eda a d\u00eda, haciendo que tu descanso y tu dormitorio funcionen mejor.<\/span><\/p>\n<h2><b>\u00bfBuscas un canap\u00e9 abatible, funcional y duradero?<\/b><\/h2>\n<p><span style=\"font-weight: 400;\">En <\/span><b>Colchones Vela<\/b><span style=\"font-weight: 400;\"> te ayudamos a encontrar el modelo perfecto. Descubre nuestras opciones de <\/span><b>canap\u00e9s abatibles, con zapatero o con gran capacidad<\/b><span style=\"font-weight: 400;\">, de marcas como <\/span><b>Flex y Slaap<\/b><span style=\"font-weight: 400;\">, dise\u00f1adas para quienes valoran el orden tanto como el descanso.<\/span><\/p>\n<p>&nbsp;<\/p>\n<p><span style=\"font-weight: 400;\">Organizar bien el interior de tu <\/span><b>canap\u00e9 abatible<\/b><span style=\"font-weight: 400;\"> es una forma sencilla y efectiva de mejorar el orden y funcionalidad de tu hogar sin hacer reformas. Con unas pocas claves, ese espacio oculto puede convertirse en <\/span><b>tu mejor aliado contra el desorden<\/b><span style=\"font-weight: 400;\">.<\/span><\/p>\n<p><span style=\"font-weight: 400;\">En <\/span><b>Colchones Vela<\/b><span style=\"font-weight: 400;\"> te ayudamos a encontrar la soluci\u00f3n perfecta para tu descanso y tu hogar. \u00bfHablamos?<\/span><\/p>\n<p><span style=\"font-weight: 400;\">\u00a1No olvides seguirnos en nuestras <\/span><a href=\"https:\/\/www.instagram.com\/colchonesvela\/\"><span style=\"font-weight: 400;\">redes sociales<\/span><\/a><span style=\"font-weight: 400;\">!<\/span><\/p>\n","protected":false},"excerpt":{"rendered":"<p>El canap\u00e9 abatible es uno de los muebles m\u00e1s pr\u00e1cticos y vers\u00e1tiles que puedes tener en tu dormitorio. No solo proporciona una base estable y confortable para tu colch\u00f3n, sino que tambi\u00e9n te regala un espacio de almacenaje oculto que puede marcar una gran diferencia en el orden y funcionalidad de tu habitaci\u00f3n. Pero, \u00bfrealmente [&hellip;]<\/p>\n","protected":false},"author":4,"featured_media":1356,"comment_status":"closed","ping_status":"closed","sticky":false,"template":"","format":"standard","meta":{"footnotes":""},"categories":[10],"tags":[],"class_list":["post-1355","post","type-post","status-publish","format-standard","has-post-thumbnail","hentry","category-canape"],"yoast_head":"<!-- This site is optimized with the Yoast SEO Premium plugin v24.8 (Yoast SEO v27.5) - https:\/\/yoast.com\/product\/yoast-seo-premium-wordpress\/ -->\n<title>C\u00f3mo organizar el espacio de tu canap\u00e9 abatible: consejos para aprovecharlo al m\u00e1ximo - Colchones Vela<\/title>\n<meta name=\"description\" content=\"El canap\u00e9 abatible es uno de los muebles m\u00e1s pr\u00e1cticos y vers\u00e1tiles que puedes tener en tu dormitorio. No solo proporciona una base estable...\" \/>\n<meta name=\"robots\" content=\"index, follow, max-snippet:-1, max-image-preview:large, max-video-preview:-1\" \/>\n<link rel=\"canonical\" href=\"https:\/\/colchonesvela.com\/blog\/canape\/como-organizar-el-espacio-de-tu-canape-abatible-consejos-para-aprovecharlo-al-maximo\/\" \/>\n<meta property=\"og:locale\" content=\"es_ES\" \/>\n<meta property=\"og:type\" content=\"article\" \/>\n<meta property=\"og:title\" content=\"C\u00f3mo organizar el espacio de tu canap\u00e9 abatible: consejos para aprovecharlo al m\u00e1ximo\" \/>\n<meta property=\"og:description\" content=\"El canap\u00e9 abatible es uno de los muebles m\u00e1s pr\u00e1cticos y vers\u00e1tiles que puedes tener en tu dormitorio. No solo proporciona una base estable...\" \/>\n<meta property=\"og:url\" content=\"https:\/\/colchonesvela.com\/blog\/canape\/como-organizar-el-espacio-de-tu-canape-abatible-consejos-para-aprovecharlo-al-maximo\/\" \/>\n<meta property=\"og:site_name\" content=\"Colchones Vela\" \/>\n<meta property=\"article:published_time\" content=\"2025-09-09T06:58:19+00:00\" \/>\n<meta property=\"article:modified_time\" content=\"2026-04-29T09:14:23+00:00\" \/>\n<meta property=\"og:image\" content=\"https:\/\/colchonesvela.com\/blog\/wp-content\/uploads\/2025\/09\/canape-abatible.png\" \/>\n\t<meta property=\"og:image:width\" content=\"1280\" \/>\n\t<meta property=\"og:image:height\" content=\"601\" \/>\n\t<meta property=\"og:image:type\" content=\"image\/png\" \/>\n<meta name=\"author\" content=\"Info\" \/>\n<meta name=\"twitter:card\" content=\"summary_large_image\" \/>\n<meta name=\"twitter:label1\" content=\"Escrito por\" \/>\n\t<meta name=\"twitter:data1\" content=\"Info\" \/>\n\t<meta name=\"twitter:label2\" content=\"Tiempo de lectura\" \/>\n\t<meta name=\"twitter:data2\" content=\"4 minutos\" \/>\n<script type=\"application\/ld+json\" class=\"yoast-schema-graph\">{\"@context\":\"https:\\\/\\\/schema.org\",\"@graph\":[{\"@type\":\"Article\",\"@id\":\"https:\\\/\\\/colchonesvela.com\\\/blog\\\/canape\\\/como-organizar-el-espacio-de-tu-canape-abatible-consejos-para-aprovecharlo-al-maximo\\\/#article\",\"isPartOf\":{\"@id\":\"https:\\\/\\\/colchonesvela.com\\\/blog\\\/canape\\\/como-organizar-el-espacio-de-tu-canape-abatible-consejos-para-aprovecharlo-al-maximo\\\/\"},\"author\":{\"name\":\"Info\",\"@id\":\"https:\\\/\\\/colchonesvela.com\\\/blog\\\/#\\\/schema\\\/person\\\/ca9f6c0f518cdf83cf962b07109d52b6\"},\"headline\":\"C\u00f3mo organizar el espacio de tu canap\u00e9 abatible: consejos para aprovecharlo al m\u00e1ximo\",\"datePublished\":\"2025-09-09T06:58:19+00:00\",\"dateModified\":\"2026-04-29T09:14:23+00:00\",\"mainEntityOfPage\":{\"@id\":\"https:\\\/\\\/colchonesvela.com\\\/blog\\\/canape\\\/como-organizar-el-espacio-de-tu-canape-abatible-consejos-para-aprovecharlo-al-maximo\\\/\"},\"wordCount\":750,\"publisher\":{\"@id\":\"https:\\\/\\\/colchonesvela.com\\\/blog\\\/#organization\"},\"image\":{\"@id\":\"https:\\\/\\\/colchonesvela.com\\\/blog\\\/canape\\\/como-organizar-el-espacio-de-tu-canape-abatible-consejos-para-aprovecharlo-al-maximo\\\/#primaryimage\"},\"thumbnailUrl\":\"https:\\\/\\\/colchonesvela.com\\\/blog\\\/wp-content\\\/uploads\\\/2025\\\/09\\\/canape-abatible.png\",\"articleSection\":[\"Canap\u00e9\"],\"inLanguage\":\"es\"},{\"@type\":\"WebPage\",\"@id\":\"https:\\\/\\\/colchonesvela.com\\\/blog\\\/canape\\\/como-organizar-el-espacio-de-tu-canape-abatible-consejos-para-aprovecharlo-al-maximo\\\/\",\"url\":\"https:\\\/\\\/colchonesvela.com\\\/blog\\\/canape\\\/como-organizar-el-espacio-de-tu-canape-abatible-consejos-para-aprovecharlo-al-maximo\\\/\",\"name\":\"C\u00f3mo organizar el espacio de tu canap\u00e9 abatible: consejos para aprovecharlo al m\u00e1ximo - Colchones Vela\",\"isPartOf\":{\"@id\":\"https:\\\/\\\/colchonesvela.com\\\/blog\\\/#website\"},\"primaryImageOfPage\":{\"@id\":\"https:\\\/\\\/colchonesvela.com\\\/blog\\\/canape\\\/como-organizar-el-espacio-de-tu-canape-abatible-consejos-para-aprovecharlo-al-maximo\\\/#primaryimage\"},\"image\":{\"@id\":\"https:\\\/\\\/colchonesvela.com\\\/blog\\\/canape\\\/como-organizar-el-espacio-de-tu-canape-abatible-consejos-para-aprovecharlo-al-maximo\\\/#primaryimage\"},\"thumbnailUrl\":\"https:\\\/\\\/colchonesvela.com\\\/blog\\\/wp-content\\\/uploads\\\/2025\\\/09\\\/canape-abatible.png\",\"datePublished\":\"2025-09-09T06:58:19+00:00\",\"dateModified\":\"2026-04-29T09:14:23+00:00\",\"description\":\"El canap\u00e9 abatible es uno de los muebles m\u00e1s pr\u00e1cticos y vers\u00e1tiles que puedes tener en tu dormitorio. No solo proporciona una base estable...\",\"breadcrumb\":{\"@id\":\"https:\\\/\\\/colchonesvela.com\\\/blog\\\/canape\\\/como-organizar-el-espacio-de-tu-canape-abatible-consejos-para-aprovecharlo-al-maximo\\\/#breadcrumb\"},\"inLanguage\":\"es\",\"potentialAction\":[{\"@type\":\"ReadAction\",\"target\":[\"https:\\\/\\\/colchonesvela.com\\\/blog\\\/canape\\\/como-organizar-el-espacio-de-tu-canape-abatible-consejos-para-aprovecharlo-al-maximo\\\/\"]}]},{\"@type\":\"ImageObject\",\"inLanguage\":\"es\",\"@id\":\"https:\\\/\\\/colchonesvela.com\\\/blog\\\/canape\\\/como-organizar-el-espacio-de-tu-canape-abatible-consejos-para-aprovecharlo-al-maximo\\\/#primaryimage\",\"url\":\"https:\\\/\\\/colchonesvela.com\\\/blog\\\/wp-content\\\/uploads\\\/2025\\\/09\\\/canape-abatible.png\",\"contentUrl\":\"https:\\\/\\\/colchonesvela.com\\\/blog\\\/wp-content\\\/uploads\\\/2025\\\/09\\\/canape-abatible.png\",\"width\":1280,\"height\":601,\"caption\":\"canape abatible\"},{\"@type\":\"BreadcrumbList\",\"@id\":\"https:\\\/\\\/colchonesvela.com\\\/blog\\\/canape\\\/como-organizar-el-espacio-de-tu-canape-abatible-consejos-para-aprovecharlo-al-maximo\\\/#breadcrumb\",\"itemListElement\":[{\"@type\":\"ListItem\",\"position\":1,\"name\":\"Portada\",\"item\":\"https:\\\/\\\/colchonesvela.com\\\/blog\\\/inicio\\\/\"},{\"@type\":\"ListItem\",\"position\":2,\"name\":\"C\u00f3mo organizar el espacio de tu canap\u00e9 abatible: consejos para aprovecharlo al m\u00e1ximo\"}]},{\"@type\":\"WebSite\",\"@id\":\"https:\\\/\\\/colchonesvela.com\\\/blog\\\/#website\",\"url\":\"https:\\\/\\\/colchonesvela.com\\\/blog\\\/\",\"name\":\"Colchones Vela\",\"description\":\"Art\u00edculos para el descanso\",\"publisher\":{\"@id\":\"https:\\\/\\\/colchonesvela.com\\\/blog\\\/#organization\"},\"potentialAction\":[{\"@type\":\"SearchAction\",\"target\":{\"@type\":\"EntryPoint\",\"urlTemplate\":\"https:\\\/\\\/colchonesvela.com\\\/blog\\\/?s={search_term_string}\"},\"query-input\":{\"@type\":\"PropertyValueSpecification\",\"valueRequired\":true,\"valueName\":\"search_term_string\"}}],\"inLanguage\":\"es\"},{\"@type\":\"Organization\",\"@id\":\"https:\\\/\\\/colchonesvela.com\\\/blog\\\/#organization\",\"name\":\"Colchones Vela\",\"url\":\"https:\\\/\\\/colchonesvela.com\\\/blog\\\/\",\"logo\":{\"@type\":\"ImageObject\",\"inLanguage\":\"es\",\"@id\":\"https:\\\/\\\/colchonesvela.com\\\/blog\\\/#\\\/schema\\\/logo\\\/image\\\/\",\"url\":\"https:\\\/\\\/colchonesvela.com\\\/blog\\\/wp-content\\\/uploads\\\/2021\\\/03\\\/vela-logo-11.png\",\"contentUrl\":\"https:\\\/\\\/colchonesvela.com\\\/blog\\\/wp-content\\\/uploads\\\/2021\\\/03\\\/vela-logo-11.png\",\"width\":212,\"height\":140,\"caption\":\"Colchones Vela\"},\"image\":{\"@id\":\"https:\\\/\\\/colchonesvela.com\\\/blog\\\/#\\\/schema\\\/logo\\\/image\\\/\"},\"sameAs\":[\"https:\\\/\\\/www.instagram.com\\\/colchonesvela\\\/\"]},{\"@type\":\"Person\",\"@id\":\"https:\\\/\\\/colchonesvela.com\\\/blog\\\/#\\\/schema\\\/person\\\/ca9f6c0f518cdf83cf962b07109d52b6\",\"name\":\"Info\",\"image\":{\"@type\":\"ImageObject\",\"inLanguage\":\"es\",\"@id\":\"https:\\\/\\\/secure.gravatar.com\\\/avatar\\\/86a0a5d2b5db6b377c70d59e76f6817e76e8f191f06840c42a37bc1aa424ac3d?s=96&d=mm&r=g\",\"url\":\"https:\\\/\\\/secure.gravatar.com\\\/avatar\\\/86a0a5d2b5db6b377c70d59e76f6817e76e8f191f06840c42a37bc1aa424ac3d?s=96&d=mm&r=g\",\"contentUrl\":\"https:\\\/\\\/secure.gravatar.com\\\/avatar\\\/86a0a5d2b5db6b377c70d59e76f6817e76e8f191f06840c42a37bc1aa424ac3d?s=96&d=mm&r=g\",\"caption\":\"Info\"}}]}<\/script>\n<!-- \/ Yoast SEO Premium plugin. -->","yoast_head_json":{"title":"C\u00f3mo organizar el espacio de tu canap\u00e9 abatible: consejos para aprovecharlo al m\u00e1ximo - Colchones Vela","description":"El canap\u00e9 abatible es uno de los muebles m\u00e1s pr\u00e1cticos y vers\u00e1tiles que puedes tener en tu dormitorio. No solo proporciona una base estable...","robots":{"index":"index","follow":"follow","max-snippet":"max-snippet:-1","max-image-preview":"max-image-preview:large","max-video-preview":"max-video-preview:-1"},"canonical":"https:\/\/colchonesvela.com\/blog\/canape\/como-organizar-el-espacio-de-tu-canape-abatible-consejos-para-aprovecharlo-al-maximo\/","og_locale":"es_ES","og_type":"article","og_title":"C\u00f3mo organizar el espacio de tu canap\u00e9 abatible: consejos para aprovecharlo al m\u00e1ximo","og_description":"El canap\u00e9 abatible es uno de los muebles m\u00e1s pr\u00e1cticos y vers\u00e1tiles que puedes tener en tu dormitorio. No solo proporciona una base estable...","og_url":"https:\/\/colchonesvela.com\/blog\/canape\/como-organizar-el-espacio-de-tu-canape-abatible-consejos-para-aprovecharlo-al-maximo\/","og_site_name":"Colchones Vela","article_published_time":"2025-09-09T06:58:19+00:00","article_modified_time":"2026-04-29T09:14:23+00:00","og_image":[{"width":1280,"height":601,"url":"https:\/\/colchonesvela.com\/blog\/wp-content\/uploads\/2025\/09\/canape-abatible.png","type":"image\/png"}],"author":"Info","twitter_card":"summary_large_image","twitter_misc":{"Escrito por":"Info","Tiempo de lectura":"4 minutos"},"schema":{"@context":"https:\/\/schema.org","@graph":[{"@type":"Article","@id":"https:\/\/colchonesvela.com\/blog\/canape\/como-organizar-el-espacio-de-tu-canape-abatible-consejos-para-aprovecharlo-al-maximo\/#article","isPartOf":{"@id":"https:\/\/colchonesvela.com\/blog\/canape\/como-organizar-el-espacio-de-tu-canape-abatible-consejos-para-aprovecharlo-al-maximo\/"},"author":{"name":"Info","@id":"https:\/\/colchonesvela.com\/blog\/#\/schema\/person\/ca9f6c0f518cdf83cf962b07109d52b6"},"headline":"C\u00f3mo organizar el espacio de tu canap\u00e9 abatible: consejos para aprovecharlo al m\u00e1ximo","datePublished":"2025-09-09T06:58:19+00:00","dateModified":"2026-04-29T09:14:23+00:00","mainEntityOfPage":{"@id":"https:\/\/colchonesvela.com\/blog\/canape\/como-organizar-el-espacio-de-tu-canape-abatible-consejos-para-aprovecharlo-al-maximo\/"},"wordCount":750,"publisher":{"@id":"https:\/\/colchonesvela.com\/blog\/#organization"},"image":{"@id":"https:\/\/colchonesvela.com\/blog\/canape\/como-organizar-el-espacio-de-tu-canape-abatible-consejos-para-aprovecharlo-al-maximo\/#primaryimage"},"thumbnailUrl":"https:\/\/colchonesvela.com\/blog\/wp-content\/uploads\/2025\/09\/canape-abatible.png","articleSection":["Canap\u00e9"],"inLanguage":"es"},{"@type":"WebPage","@id":"https:\/\/colchonesvela.com\/blog\/canape\/como-organizar-el-espacio-de-tu-canape-abatible-consejos-para-aprovecharlo-al-maximo\/","url":"https:\/\/colchonesvela.com\/blog\/canape\/como-organizar-el-espacio-de-tu-canape-abatible-consejos-para-aprovecharlo-al-maximo\/","name":"C\u00f3mo organizar el espacio de tu canap\u00e9 abatible: consejos para aprovecharlo al m\u00e1ximo - Colchones Vela","isPartOf":{"@id":"https:\/\/colchonesvela.com\/blog\/#website"},"primaryImageOfPage":{"@id":"https:\/\/colchonesvela.com\/blog\/canape\/como-organizar-el-espacio-de-tu-canape-abatible-consejos-para-aprovecharlo-al-maximo\/#primaryimage"},"image":{"@id":"https:\/\/colchonesvela.com\/blog\/canape\/como-organizar-el-espacio-de-tu-canape-abatible-consejos-para-aprovecharlo-al-maximo\/#primaryimage"},"thumbnailUrl":"https:\/\/colchonesvela.com\/blog\/wp-content\/uploads\/2025\/09\/canape-abatible.png","datePublished":"2025-09-09T06:58:19+00:00","dateModified":"2026-04-29T09:14:23+00:00","description":"El canap\u00e9 abatible es uno de los muebles m\u00e1s pr\u00e1cticos y vers\u00e1tiles que puedes tener en tu dormitorio. No solo proporciona una base estable...","breadcrumb":{"@id":"https:\/\/colchonesvela.com\/blog\/canape\/como-organizar-el-espacio-de-tu-canape-abatible-consejos-para-aprovecharlo-al-maximo\/#breadcrumb"},"inLanguage":"es","potentialAction":[{"@type":"ReadAction","target":["https:\/\/colchonesvela.com\/blog\/canape\/como-organizar-el-espacio-de-tu-canape-abatible-consejos-para-aprovecharlo-al-maximo\/"]}]},{"@type":"ImageObject","inLanguage":"es","@id":"https:\/\/colchonesvela.com\/blog\/canape\/como-organizar-el-espacio-de-tu-canape-abatible-consejos-para-aprovecharlo-al-maximo\/#primaryimage","url":"https:\/\/colchonesvela.com\/blog\/wp-content\/uploads\/2025\/09\/canape-abatible.png","contentUrl":"https:\/\/colchonesvela.com\/blog\/wp-content\/uploads\/2025\/09\/canape-abatible.png","width":1280,"height":601,"caption":"canape abatible"},{"@type":"BreadcrumbList","@id":"https:\/\/colchonesvela.com\/blog\/canape\/como-organizar-el-espacio-de-tu-canape-abatible-consejos-para-aprovecharlo-al-maximo\/#breadcrumb","itemListElement":[{"@type":"ListItem","position":1,"name":"Portada","item":"https:\/\/colchonesvela.com\/blog\/inicio\/"},{"@type":"ListItem","position":2,"name":"C\u00f3mo organizar el espacio de tu canap\u00e9 abatible: consejos para aprovecharlo al m\u00e1ximo"}]},{"@type":"WebSite","@id":"https:\/\/colchonesvela.com\/blog\/#website","url":"https:\/\/colchonesvela.com\/blog\/","name":"Colchones Vela","description":"Art\u00edculos para el descanso","publisher":{"@id":"https:\/\/colchonesvela.com\/blog\/#organization"},"potentialAction":[{"@type":"SearchAction","target":{"@type":"EntryPoint","urlTemplate":"https:\/\/colchonesvela.com\/blog\/?s={search_term_string}"},"query-input":{"@type":"PropertyValueSpecification","valueRequired":true,"valueName":"search_term_string"}}],"inLanguage":"es"},{"@type":"Organization","@id":"https:\/\/colchonesvela.com\/blog\/#organization","name":"Colchones Vela","url":"https:\/\/colchonesvela.com\/blog\/","logo":{"@type":"ImageObject","inLanguage":"es","@id":"https:\/\/colchonesvela.com\/blog\/#\/schema\/logo\/image\/","url":"https:\/\/colchonesvela.com\/blog\/wp-content\/uploads\/2021\/03\/vela-logo-11.png","contentUrl":"https:\/\/colchonesvela.com\/blog\/wp-content\/uploads\/2021\/03\/vela-logo-11.png","width":212,"height":140,"caption":"Colchones Vela"},"image":{"@id":"https:\/\/colchonesvela.com\/blog\/#\/schema\/logo\/image\/"},"sameAs":["https:\/\/www.instagram.com\/colchonesvela\/"]},{"@type":"Person","@id":"https:\/\/colchonesvela.com\/blog\/#\/schema\/person\/ca9f6c0f518cdf83cf962b07109d52b6","name":"Info","image":{"@type":"ImageObject","inLanguage":"es","@id":"https:\/\/secure.gravatar.com\/avatar\/86a0a5d2b5db6b377c70d59e76f6817e76e8f191f06840c42a37bc1aa424ac3d?s=96&d=mm&r=g","url":"https:\/\/secure.gravatar.com\/avatar\/86a0a5d2b5db6b377c70d59e76f6817e76e8f191f06840c42a37bc1aa424ac3d?s=96&d=mm&r=g","contentUrl":"https:\/\/secure.gravatar.com\/avatar\/86a0a5d2b5db6b377c70d59e76f6817e76e8f191f06840c42a37bc1aa424ac3d?s=96&d=mm&r=g","caption":"Info"}}]}},"_links":{"self":[{"href":"https:\/\/colchonesvela.com\/blog\/wp-json\/wp\/v2\/posts\/1355","targetHints":{"allow":["GET"]}}],"collection":[{"href":"https:\/\/colchonesvela.com\/blog\/wp-json\/wp\/v2\/posts"}],"about":[{"href":"https:\/\/colchonesvela.com\/blog\/wp-json\/wp\/v2\/types\/post"}],"author":[{"embeddable":true,"href":"https:\/\/colchonesvela.com\/blog\/wp-json\/wp\/v2\/users\/4"}],"replies":[{"embeddable":true,"href":"https:\/\/colchonesvela.com\/blog\/wp-json\/wp\/v2\/comments?post=1355"}],"version-history":[{"count":4,"href":"https:\/\/colchonesvela.com\/blog\/wp-json\/wp\/v2\/posts\/1355\/revisions"}],"predecessor-version":[{"id":1555,"href":"https:\/\/colchonesvela.com\/blog\/wp-json\/wp\/v2\/posts\/1355\/revisions\/1555"}],"wp:featuredmedia":[{"embeddable":true,"href":"https:\/\/colchonesvela.com\/blog\/wp-json\/wp\/v2\/media\/1356"}],"wp:attachment":[{"href":"https:\/\/colchonesvela.com\/blog\/wp-json\/wp\/v2\/media?parent=1355"}],"wp:term":[{"taxonomy":"category","embeddable":true,"href":"https:\/\/colchonesvela.com\/blog\/wp-json\/wp\/v2\/categories?post=1355"},{"taxonomy":"post_tag","embeddable":true,"href":"https:\/\/colchonesvela.com\/blog\/wp-json\/wp\/v2\/tags?post=1355"}],"curies":[{"name":"wp","href":"https:\/\/api.w.org\/{rel}","templated":true}]}}